{"id":101,"date":"2011-08-17T23:00:00","date_gmt":"2011-08-17T23:00:00","guid":{"rendered":"http:\/\/cdrmuseudelapauma.cat\/worpre\/taller-i-passejada\/"},"modified":"2011-08-17T23:00:00","modified_gmt":"2011-08-17T23:00:00","slug":"taller-i-passejada","status":"publish","type":"post","link":"https:\/\/cdrmuseudelapauma.cat\/worpre\/taller-i-passejada\/","title":{"rendered":"Passejada i taller de llatar"},"content":{"rendered":"<h4> \t<img loading=\"lazy\" decoding=\"async\" class=\" size-full wp-image-100\" alt=\"alt\" src=\"http:\/\/cdrmuseudelapauma.cat\/worpre\/wp-content\/uploads\/2011\/08\/2011_05_27_img_6377.jpg\" width=\"560\" height=\"100\" srcset=\"https:\/\/cdrmuseudelapauma.cat\/worpre\/wp-content\/uploads\/2011\/08\/2011_05_27_img_6377-300x54.jpg 300w, https:\/\/cdrmuseudelapauma.cat\/worpre\/wp-content\/uploads\/2011\/08\/2011_05_27_img_6377.jpg 560w\" sizes=\"auto, (max-width: 560px) 100vw, 560px\" \/><\/h4>\n<p> \tAl cada participant aprendr\u00e0 a fer la llata de 9 cameres o de cab\u00e0s i a fer cordell per elaborar una lla\u00e7a tradicional. El taller es complementar\u00e0 amb la visita al Rac\u00f3 de les Fibres Vegetals, espai on es pot veure un viver de margallons i d&rsquo;altres plantes que l&rsquo;home ha usat al llarg de la hist\u00f2ria per a diferents finalitats. Aquesta passejada i taller es fa cada any a setmana sant i a l&#8217;agost.<\/p>\n<p> \tPreu: 5&euro;<\/p>\n","protected":false},"excerpt":{"rendered":"<p>Al cada participant aprendr\u00e0 a fer la llata de 9 [&hellip;]<\/p>\n","protected":false},"author":1,"featured_media":100,"comment_status":"closed","ping_status":"closed","sticky":false,"template":"","format":"standard","meta":{"_uf_show_specific_survey":0,"_uf_disable_surveys":false,"footnotes":""},"categories":[7],"tags":[],"class_list":["post-101","post","type-post","status-publish","format-standard","has-post-thumbnail","hentry","category-noticies"],"_links":{"self":[{"href":"https:\/\/cdrmuseudelapauma.cat\/worpre\/wp-json\/wp\/v2\/posts\/101","targetHints":{"allow":["GET"]}}],"collection":[{"href":"https:\/\/cdrmuseudelapauma.cat\/worpre\/wp-json\/wp\/v2\/posts"}],"about":[{"href":"https:\/\/cdrmuseudelapauma.cat\/worpre\/wp-json\/wp\/v2\/types\/post"}],"author":[{"embeddable":true,"href":"https:\/\/cdrmuseudelapauma.cat\/worpre\/wp-json\/wp\/v2\/users\/1"}],"replies":[{"embeddable":true,"href":"https:\/\/cdrmuseudelapauma.cat\/worpre\/wp-json\/wp\/v2\/comments?post=101"}],"version-history":[{"count":0,"href":"https:\/\/cdrmuseudelapauma.cat\/worpre\/wp-json\/wp\/v2\/posts\/101\/revisions"}],"wp:featuredmedia":[{"embeddable":true,"href":"https:\/\/cdrmuseudelapauma.cat\/worpre\/wp-json\/wp\/v2\/media\/100"}],"wp:attachment":[{"href":"https:\/\/cdrmuseudelapauma.cat\/worpre\/wp-json\/wp\/v2\/media?parent=101"}],"wp:term":[{"taxonomy":"category","embeddable":true,"href":"https:\/\/cdrmuseudelapauma.cat\/worpre\/wp-json\/wp\/v2\/categories?post=101"},{"taxonomy":"post_tag","embeddable":true,"href":"https:\/\/cdrmuseudelapauma.cat\/worpre\/wp-json\/wp\/v2\/tags?post=101"}],"curies":[{"name":"wp","href":"https:\/\/api.w.org\/{rel}","templated":true}]}}