{"id":107,"date":"2011-07-31T23:00:00","date_gmt":"2011-07-31T23:00:00","guid":{"rendered":"http:\/\/cdrmuseudelapauma.cat\/worpre\/aprenem-lartesania-de-la-pauma-en-temps-de-lleure-ii\/"},"modified":"2011-07-31T23:00:00","modified_gmt":"2011-07-31T23:00:00","slug":"aprenem-lartesania-de-la-pauma-en-temps-de-lleure-ii","status":"publish","type":"post","link":"https:\/\/cdrmuseudelapauma.cat\/worpre\/aprenem-lartesania-de-la-pauma-en-temps-de-lleure-ii\/","title":{"rendered":"Aprenem l\u2019artesania de la pauma en temps de lleure II"},"content":{"rendered":"<p> \t<img loading=\"lazy\" decoding=\"async\" class=\" size-full wp-image-106\" alt=\"alt\" src=\"http:\/\/cdrmuseudelapauma.cat\/worpre\/wp-content\/uploads\/2011\/07\/2011_05_27_img_6339.jpg\" width=\"560\" height=\"100\" srcset=\"https:\/\/cdrmuseudelapauma.cat\/worpre\/wp-content\/uploads\/2011\/07\/2011_05_27_img_6339-300x54.jpg 300w, https:\/\/cdrmuseudelapauma.cat\/worpre\/wp-content\/uploads\/2011\/07\/2011_05_27_img_6339.jpg 560w\" sizes=\"auto, (max-width: 560px) 100vw, 560px\" \/><\/p>\n<p> \t<span style=\"color: rgb(218, 165, 32);\"><em>Activitat infantil<\/em><\/span><\/p>\n<p> \tEls xiquets i xiquetes podran aprendre a fer cordell (edat m\u00ednima per aprendre&rsquo;n: 7 anys); a llatar (trenar) la llata de cinc cameres (edat m\u00ednima per aprendre&rsquo;n: 9 anys); a llatar la llata de 9 cameres (edat m\u00ednima per aprendre&rsquo;n 11 anys). Els m\u00e9s menuts podran fer un collage de brins. \u00c9s un taller que es repeteix anualment a l&#8217;agost i a setmana santa.<\/p>\n<p> \tA c\u00e0rrec de les artesanes d&#8217;Art Pauma.<\/p>\n","protected":false},"excerpt":{"rendered":"<p>Activitat infantil Els xiquets i xiquetes podran aprendre a fer [&hellip;]<\/p>\n","protected":false},"author":1,"featured_media":106,"comment_status":"closed","ping_status":"closed","sticky":false,"template":"","format":"standard","meta":{"_uf_show_specific_survey":0,"_uf_disable_surveys":false,"footnotes":""},"categories":[7],"tags":[],"class_list":["post-107","post","type-post","status-publish","format-standard","has-post-thumbnail","hentry","category-noticies"],"_links":{"self":[{"href":"https:\/\/cdrmuseudelapauma.cat\/worpre\/wp-json\/wp\/v2\/posts\/107","targetHints":{"allow":["GET"]}}],"collection":[{"href":"https:\/\/cdrmuseudelapauma.cat\/worpre\/wp-json\/wp\/v2\/posts"}],"about":[{"href":"https:\/\/cdrmuseudelapauma.cat\/worpre\/wp-json\/wp\/v2\/types\/post"}],"author":[{"embeddable":true,"href":"https:\/\/cdrmuseudelapauma.cat\/worpre\/wp-json\/wp\/v2\/users\/1"}],"replies":[{"embeddable":true,"href":"https:\/\/cdrmuseudelapauma.cat\/worpre\/wp-json\/wp\/v2\/comments?post=107"}],"version-history":[{"count":0,"href":"https:\/\/cdrmuseudelapauma.cat\/worpre\/wp-json\/wp\/v2\/posts\/107\/revisions"}],"wp:featuredmedia":[{"embeddable":true,"href":"https:\/\/cdrmuseudelapauma.cat\/worpre\/wp-json\/wp\/v2\/media\/106"}],"wp:attachment":[{"href":"https:\/\/cdrmuseudelapauma.cat\/worpre\/wp-json\/wp\/v2\/media?parent=107"}],"wp:term":[{"taxonomy":"category","embeddable":true,"href":"https:\/\/cdrmuseudelapauma.cat\/worpre\/wp-json\/wp\/v2\/categories?post=107"},{"taxonomy":"post_tag","embeddable":true,"href":"https:\/\/cdrmuseudelapauma.cat\/worpre\/wp-json\/wp\/v2\/tags?post=107"}],"curies":[{"name":"wp","href":"https:\/\/api.w.org\/{rel}","templated":true}]}}