{"id":11,"date":"2011-06-16T11:20:51","date_gmt":"2011-06-16T11:20:51","guid":{"rendered":"http:\/\/cdrmuseudelapauma.cat\/worpre\/sala-de-tallers\/"},"modified":"2011-06-16T11:20:51","modified_gmt":"2011-06-16T11:20:51","slug":"sala-de-tallers","status":"publish","type":"post","link":"https:\/\/cdrmuseudelapauma.cat\/worpre\/sala-de-tallers\/","title":{"rendered":"Utilitzaci\u00f3 de la sala de Tallers"},"content":{"rendered":"<p> \t<img loading=\"lazy\" decoding=\"async\" class=\" size-full wp-image-10\" border=\"0\" src=\"http:\/\/cdrmuseudelapauma.cat\/worpre\/wp-content\/uploads\/2011\/06\/fotos_web_salamig.jpg\" width=\"560\" height=\"100\" srcset=\"https:\/\/cdrmuseudelapauma.cat\/worpre\/wp-content\/uploads\/2011\/06\/fotos_web_salamig-300x54.jpg 300w, https:\/\/cdrmuseudelapauma.cat\/worpre\/wp-content\/uploads\/2011\/06\/fotos_web_salamig.jpg 560w\" sizes=\"auto, (max-width: 560px) 100vw, 560px\" \/><\/p>\n<p> \tA la 2a planta del museu.<\/p>\n<p> \tSala amb llum natural, 75m2 (es pot dividir la sala per la meitat amb un plaf\u00f3 m\u00f2bil), climatitzaci\u00f3, parquet, \u00fatil per la realitzaci\u00f3 de cursos pr\u00e0ctics i tallers. Equipada amb aigua i dues grans piques.<\/p>\n","protected":false},"excerpt":{"rendered":"<p>A la 2a planta del museu. Sala amb llum natural, [&hellip;]<\/p>\n","protected":false},"author":1,"featured_media":10,"comment_status":"closed","ping_status":"closed","sticky":false,"template":"","format":"standard","meta":{"_uf_show_specific_survey":0,"_uf_disable_surveys":false,"footnotes":""},"categories":[7],"tags":[],"class_list":["post-11","post","type-post","status-publish","format-standard","has-post-thumbnail","hentry","category-noticies"],"_links":{"self":[{"href":"https:\/\/cdrmuseudelapauma.cat\/worpre\/wp-json\/wp\/v2\/posts\/11","targetHints":{"allow":["GET"]}}],"collection":[{"href":"https:\/\/cdrmuseudelapauma.cat\/worpre\/wp-json\/wp\/v2\/posts"}],"about":[{"href":"https:\/\/cdrmuseudelapauma.cat\/worpre\/wp-json\/wp\/v2\/types\/post"}],"author":[{"embeddable":true,"href":"https:\/\/cdrmuseudelapauma.cat\/worpre\/wp-json\/wp\/v2\/users\/1"}],"replies":[{"embeddable":true,"href":"https:\/\/cdrmuseudelapauma.cat\/worpre\/wp-json\/wp\/v2\/comments?post=11"}],"version-history":[{"count":0,"href":"https:\/\/cdrmuseudelapauma.cat\/worpre\/wp-json\/wp\/v2\/posts\/11\/revisions"}],"wp:featuredmedia":[{"embeddable":true,"href":"https:\/\/cdrmuseudelapauma.cat\/worpre\/wp-json\/wp\/v2\/media\/10"}],"wp:attachment":[{"href":"https:\/\/cdrmuseudelapauma.cat\/worpre\/wp-json\/wp\/v2\/media?parent=11"}],"wp:term":[{"taxonomy":"category","embeddable":true,"href":"https:\/\/cdrmuseudelapauma.cat\/worpre\/wp-json\/wp\/v2\/categories?post=11"},{"taxonomy":"post_tag","embeddable":true,"href":"https:\/\/cdrmuseudelapauma.cat\/worpre\/wp-json\/wp\/v2\/tags?post=11"}],"curies":[{"name":"wp","href":"https:\/\/api.w.org\/{rel}","templated":true}]}}