{"id":13,"date":"2011-06-16T15:49:47","date_gmt":"2011-06-16T15:49:47","guid":{"rendered":"http:\/\/cdrmuseudelapauma.cat\/worpre\/sala-qairosaq\/"},"modified":"2011-06-16T15:49:47","modified_gmt":"2011-06-16T15:49:47","slug":"sala-qairosaq","status":"publish","type":"post","link":"https:\/\/cdrmuseudelapauma.cat\/worpre\/sala-qairosaq\/","title":{"rendered":"Utilitzaci\u00f3 de la sala &#8220;Airosa&#8221;"},"content":{"rendered":"<p> \t<img loading=\"lazy\" decoding=\"async\" class=\" size-full wp-image-12\" border=\"0\" src=\"http:\/\/cdrmuseudelapauma.cat\/worpre\/wp-content\/uploads\/2011\/06\/fotos_web_salaairosa.jpg\" width=\"560\" height=\"100\" srcset=\"https:\/\/cdrmuseudelapauma.cat\/worpre\/wp-content\/uploads\/2011\/06\/fotos_web_salaairosa-300x54.jpg 300w, https:\/\/cdrmuseudelapauma.cat\/worpre\/wp-content\/uploads\/2011\/06\/fotos_web_salaairosa.jpg 560w\" sizes=\"auto, (max-width: 560px) 100vw, 560px\" \/><\/p>\n<p> \tA la 3ra planta del museu hi ha la sala &#8220;Airosa&#8221;.<\/p>\n<p> \t\u00c9s una sala polivalent, amb llum natural, 60m2, equipada amb can\u00f3 de projecci\u00f3 d&#8217;audiovisuals i equip de so (dos micros de taula, un sense fil, i quatre altaveus), cadires amb taulell d&#8217;avantbra\u00e7 per escriure. Sala ideal per a fer confer\u00e8ncies i xerrades. Acc\u00e9s directe al terrat del museu, espai exterior 20m2, amb vistes a la plana d&#8217;oliveres, la serra del Montsi\u00e0, el delta de l&#8217;Ebre i el mar.<\/p>\n<p> \t\u00a0<\/p>\n","protected":false},"excerpt":{"rendered":"<p>A la 3ra planta del museu hi ha la sala [&hellip;]<\/p>\n","protected":false},"author":1,"featured_media":12,"comment_status":"closed","ping_status":"closed","sticky":false,"template":"","format":"standard","meta":{"_uf_show_specific_survey":0,"_uf_disable_surveys":false,"footnotes":""},"categories":[7],"tags":[],"class_list":["post-13","post","type-post","status-publish","format-standard","has-post-thumbnail","hentry","category-noticies"],"_links":{"self":[{"href":"https:\/\/cdrmuseudelapauma.cat\/worpre\/wp-json\/wp\/v2\/posts\/13","targetHints":{"allow":["GET"]}}],"collection":[{"href":"https:\/\/cdrmuseudelapauma.cat\/worpre\/wp-json\/wp\/v2\/posts"}],"about":[{"href":"https:\/\/cdrmuseudelapauma.cat\/worpre\/wp-json\/wp\/v2\/types\/post"}],"author":[{"embeddable":true,"href":"https:\/\/cdrmuseudelapauma.cat\/worpre\/wp-json\/wp\/v2\/users\/1"}],"replies":[{"embeddable":true,"href":"https:\/\/cdrmuseudelapauma.cat\/worpre\/wp-json\/wp\/v2\/comments?post=13"}],"version-history":[{"count":0,"href":"https:\/\/cdrmuseudelapauma.cat\/worpre\/wp-json\/wp\/v2\/posts\/13\/revisions"}],"wp:featuredmedia":[{"embeddable":true,"href":"https:\/\/cdrmuseudelapauma.cat\/worpre\/wp-json\/wp\/v2\/media\/12"}],"wp:attachment":[{"href":"https:\/\/cdrmuseudelapauma.cat\/worpre\/wp-json\/wp\/v2\/media?parent=13"}],"wp:term":[{"taxonomy":"category","embeddable":true,"href":"https:\/\/cdrmuseudelapauma.cat\/worpre\/wp-json\/wp\/v2\/categories?post=13"},{"taxonomy":"post_tag","embeddable":true,"href":"https:\/\/cdrmuseudelapauma.cat\/worpre\/wp-json\/wp\/v2\/tags?post=13"}],"curies":[{"name":"wp","href":"https:\/\/api.w.org\/{rel}","templated":true}]}}