{"id":1338,"date":"2018-12-20T01:04:20","date_gmt":"2018-12-19T23:04:20","guid":{"rendered":"http:\/\/cdrmuseudelapauma.cat\/worpre\/?p=1338"},"modified":"2018-12-20T14:58:41","modified_gmt":"2018-12-20T12:58:41","slug":"fibrejant-art-rupestre","status":"publish","type":"post","link":"https:\/\/cdrmuseudelapauma.cat\/worpre\/fibrejant-art-rupestre\/","title":{"rendered":"Fibrejant art rupestre"},"content":{"rendered":"<div class=\"fusion-fullwidth fullwidth-box nonhundred-percent-fullwidth non-hundred-percent-height-scrolling\"  style='background-color: #ffffff;background-position: center center;background-repeat: no-repeat;padding-top:0px;padding-right:0px;padding-bottom:0px;padding-left:0px;'><div class=\"fusion-builder-row fusion-row \"><div  class=\"fusion-layout-column fusion_builder_column fusion_builder_column_1_1  fusion-one-full fusion-column-first fusion-column-last 1_1\"  style='margin-top:0px;margin-bottom:20px;'>\n\t\t\t\t\t<div class=\"fusion-column-wrapper\" style=\"padding: 0px 0px 0px 0px;background-position:left top;background-repeat:no-repeat;-webkit-background-size:cover;-moz-background-size:cover;-o-background-size:cover;background-size:cover;\"  data-bg-url=\"\">\n\t\t\t\t\t\t<div class=\"imageframe-align-center\"><span style=\"max-width:100%;\" class=\"fusion-imageframe imageframe-none imageframe-1 hover-type-none\"><img loading=\"lazy\" decoding=\"async\" src=\"http:\/\/cdrmuseudelapauma.cat\/worpre\/wp-content\/uploads\/2018\/12\/IMG_0503-ret-e1545260495454.jpg\" width=\"1000\" height=\"300\" alt=\"\" title=\"\" class=\"img-responsive wp-image-1339\" srcset=\"https:\/\/cdrmuseudelapauma.cat\/worpre\/wp-content\/uploads\/2018\/12\/IMG_0503-ret-e1545260495454-200x60.jpg 200w, https:\/\/cdrmuseudelapauma.cat\/worpre\/wp-content\/uploads\/2018\/12\/IMG_0503-ret-e1545260495454-400x120.jpg 400w, https:\/\/cdrmuseudelapauma.cat\/worpre\/wp-content\/uploads\/2018\/12\/IMG_0503-ret-e1545260495454-600x180.jpg 600w, https:\/\/cdrmuseudelapauma.cat\/worpre\/wp-content\/uploads\/2018\/12\/IMG_0503-ret-e1545260495454-800x240.jpg 800w, https:\/\/cdrmuseudelapauma.cat\/worpre\/wp-content\/uploads\/2018\/12\/IMG_0503-ret-e1545260495454.jpg 1000w\" sizes=\"auto, (max-width: 1120px) 100vw, 1000px\" \/><\/span><\/div><div class=\"fusion-clearfix\"><\/div>\n\n\t\t\t\t\t<\/div>\n\t\t\t\t<\/div><\/div><\/div><div class=\"fusion-fullwidth fullwidth-box hundred-percent-fullwidth non-hundred-percent-height-scrolling fusion-equal-height-columns\"  style='background-color: #ffffff;background-position: center center;background-repeat: no-repeat;padding-top:0px;padding-right:0px;padding-bottom:0px;padding-left:0px;'><div class=\"fusion-builder-row fusion-row \"><div  class=\"fusion-layout-column fusion_builder_column fusion_builder_column_2_3  fusion-two-third fusion-column-first 2_3\"  style='margin-top:0px;margin-bottom:20px;width:66.66%;width:calc(66.66% - ( ( 4% ) * 0.6666 ) );margin-right: 4%;'>\n\t\t\t\t\t<div class=\"fusion-column-wrapper\" style=\"padding: 0px 0px 0px 30px;background-position:left top;background-repeat:no-repeat;-webkit-background-size:cover;-moz-background-size:cover;-o-background-size:cover;background-size:cover;\"  data-bg-url=\"\">\n\t\t\t\t\t\t<div class=\"fusion-text\"><p>Les pintures rupestres del Coc\u00f3 de la Gralla seran enguany l\u2019element inspirador de Fibrejant, el taller d\u2019intervenci\u00f3 art\u00edstica amb fibres vegetals, que cada any, en el marc del Fibres Campus, deixa escultures d\u2019art ef\u00edmer fetes amb fibres en diferents espais del Mas de Barberans. En aquesta edici\u00f3, que tindr\u00e0 lloc \u00a0des del dilluns 30 de juliol fins el dijous 2 d\u2019agost, hi participaran els cinc artistes i cistellers de sempre: Carles Alcoy, Joan Farr\u00e9, M\u00f2nica Guilera, Josep Mercad\u00e9 i Tim Johnson, i s\u2019ha convidat dos artistes de prestigi internacional:\u00a0<a href=\"http:\/\/www.joannebkaar.com\/\">Joanne B Kaar<\/a>\u00a0i\u00a0<a href=\"http:\/\/www.carolinedear.co.uk\/\">Caroline Dear<\/a>. Aquesta acci\u00f3 ser\u00e0 una manera de trenar dos actius patrimonials molt importants per al Mas de Barberans: les pintures rupestres, visitables des de fa pocs mesos, i l\u2019artesania de les fibres vegetals.<\/p>\n<p>De fet, la petjada de l\u2019art llevant\u00ed tamb\u00e9 estar\u00e0 molt present durant els dos dies del Rac\u00f3 dels Artesans. La Fira de les Fibres Vegetals del Mas de Barberans, els dies 4 i 5 d\u2019agost. Aix\u00ed s\u2019han preparat dos tallers: un de pintures rupestres sobre pedra, amb pigments elaborats a partir d\u2019ou i \u00f2xid de ferro. \u201cPintarem amb pinzell i reproduirem les pintures del Coc\u00f3 de la Gralla. \u00c9s una manera diferent de donar-les a con\u00e8ixer\u201d, apunta Maite Mestre d\u2019ARTRA, l\u2019empresa especialitzada en artesania i cultura popular encarregada de realitzar els tallers. L\u2019altre \u00e9s de talla l\u00edtica. I abans de comen\u00e7ar-los hi haur\u00e0 una demostraci\u00f3 de com feien foc els homes prehist\u00f2rics. A m\u00e9s a m\u00e9s, enguany l\u2019encarregat d\u2019inaugurar el Rac\u00f3 dels Artesans ser\u00e0 el director del Programa Corpus de Pintures Rupestres de Catalunya i Cap de la Secci\u00f3 d\u2019Informaci\u00f3 i Estudis del Servei d\u2019Arqueologia i Paleontologia, Josep Castells.<\/p>\n<p>Tamb\u00e9 coincidint amb la Fira, el dissabte 4 d\u2019agost hi ha programada una nova visita guiada al Coc\u00f3 de la Gralla de la m\u00e0 d\u2019Eva Garc\u00eda Lleix\u00e0. A les 5 de la tarda. Cal fer inscripci\u00f3 pr\u00e8via al Museu de la Pauma.<\/p>\n<\/div><div class=\"fusion-clearfix\"><\/div>\n\n\t\t\t\t\t<\/div>\n\t\t\t\t<\/div><div  class=\"fusion-layout-column fusion_builder_column fusion_builder_column_1_3  fusion-one-third fusion-column-last 1_3\"  style='margin-top:0px;margin-bottom:0px;width:33.33%;width:calc(33.33% - ( ( 4% ) * 0.3333 ) );'>\n\t\t\t\t\t<div class=\"fusion-column-wrapper\" style=\"padding: 0px 0px 0px 0px;background-image: url('http:\/\/cdrmuseudelapauma.cat\/worpre\/wp-content\/uploads\/2018\/12\/l-alluna-i-el-rafal-ret.jpg');background-position:center center;background-repeat:no-repeat;-webkit-background-size:cover;-moz-background-size:cover;-o-background-size:cover;background-size:cover;\"  data-bg-url=\"http:\/\/cdrmuseudelapauma.cat\/worpre\/wp-content\/uploads\/2018\/12\/l-alluna-i-el-rafal-ret.jpg\">\n\t\t\t\t\t\t<div class=\"fusion-clearfix\"><\/div>\n\n\t\t\t\t\t<\/div>\n\t\t\t\t<\/div><\/div><\/div>\n","protected":false},"excerpt":{"rendered":"","protected":false},"author":1,"featured_media":1339,"comment_status":"open","ping_status":"open","sticky":false,"template":"","format":"standard","meta":{"_uf_show_specific_survey":0,"_uf_disable_surveys":false,"footnotes":""},"categories":[7],"tags":[],"class_list":["post-1338","post","type-post","status-publish","format-standard","has-post-thumbnail","hentry","category-noticies"],"_links":{"self":[{"href":"https:\/\/cdrmuseudelapauma.cat\/worpre\/wp-json\/wp\/v2\/posts\/1338","targetHints":{"allow":["GET"]}}],"collection":[{"href":"https:\/\/cdrmuseudelapauma.cat\/worpre\/wp-json\/wp\/v2\/posts"}],"about":[{"href":"https:\/\/cdrmuseudelapauma.cat\/worpre\/wp-json\/wp\/v2\/types\/post"}],"author":[{"embeddable":true,"href":"https:\/\/cdrmuseudelapauma.cat\/worpre\/wp-json\/wp\/v2\/users\/1"}],"replies":[{"embeddable":true,"href":"https:\/\/cdrmuseudelapauma.cat\/worpre\/wp-json\/wp\/v2\/comments?post=1338"}],"version-history":[{"count":6,"href":"https:\/\/cdrmuseudelapauma.cat\/worpre\/wp-json\/wp\/v2\/posts\/1338\/revisions"}],"predecessor-version":[{"id":1401,"href":"https:\/\/cdrmuseudelapauma.cat\/worpre\/wp-json\/wp\/v2\/posts\/1338\/revisions\/1401"}],"wp:featuredmedia":[{"embeddable":true,"href":"https:\/\/cdrmuseudelapauma.cat\/worpre\/wp-json\/wp\/v2\/media\/1339"}],"wp:attachment":[{"href":"https:\/\/cdrmuseudelapauma.cat\/worpre\/wp-json\/wp\/v2\/media?parent=1338"}],"wp:term":[{"taxonomy":"category","embeddable":true,"href":"https:\/\/cdrmuseudelapauma.cat\/worpre\/wp-json\/wp\/v2\/categories?post=1338"},{"taxonomy":"post_tag","embeddable":true,"href":"https:\/\/cdrmuseudelapauma.cat\/worpre\/wp-json\/wp\/v2\/tags?post=1338"}],"curies":[{"name":"wp","href":"https:\/\/api.w.org\/{rel}","templated":true}]}}