{"id":1346,"date":"2018-12-20T01:26:15","date_gmt":"2018-12-19T23:26:15","guid":{"rendered":"http:\/\/cdrmuseudelapauma.cat\/worpre\/?p=1346"},"modified":"2018-12-20T12:26:20","modified_gmt":"2018-12-20T10:26:20","slug":"lentrevista","status":"publish","type":"post","link":"https:\/\/cdrmuseudelapauma.cat\/worpre\/lentrevista\/","title":{"rendered":"L&#8217;entrevista"},"content":{"rendered":"<div class=\"fusion-fullwidth fullwidth-box nonhundred-percent-fullwidth non-hundred-percent-height-scrolling\"  style='background-color: #ffffff;background-position: center center;background-repeat: no-repeat;padding-top:0px;padding-right:0px;padding-bottom:0px;padding-left:0px;'><div class=\"fusion-builder-row fusion-row \"><div  class=\"fusion-layout-column fusion_builder_column fusion_builder_column_1_1  fusion-one-full fusion-column-first fusion-column-last 1_1\"  style='margin-top:0px;margin-bottom:20px;'>\n\t\t\t\t\t<div class=\"fusion-column-wrapper\" style=\"padding: 0px 0px 0px 0px;background-position:left top;background-repeat:no-repeat;-webkit-background-size:cover;-moz-background-size:cover;-o-background-size:cover;background-size:cover;\"  data-bg-url=\"\">\n\t\t\t\t\t\t<div class=\"fusion-title title fusion-title-center fusion-title-size-three\" style=\"margin-top:0px;margin-bottom:20px;\"><div class=\"title-sep-container title-sep-container-left\"><div class=\"title-sep sep-double sep-dashed\" style=\"border-color:#e0dede;\"><\/div><\/div><h3 class=\"title-heading-center\">&#8220;El que m&#8217;interessa especialment \u00e9s la nostra relaci\u00f3 amb l&#8217;entorn&#8221;<\/h3><div class=\"title-sep-container title-sep-container-right\"><div class=\"title-sep sep-double sep-dashed\" style=\"border-color:#e0dede;\"><\/div><\/div><\/div><div class=\"fusion-clearfix\"><\/div>\n\n\t\t\t\t\t<\/div>\n\t\t\t\t<\/div><\/div><\/div><div class=\"fusion-fullwidth fullwidth-box nonhundred-percent-fullwidth non-hundred-percent-height-scrolling\"  style='background-color: #efefef;background-position: center center;background-repeat: no-repeat;padding-top:0px;padding-right:0px;padding-bottom:0px;padding-left:0px;'><div class=\"fusion-builder-row fusion-row \"><div  class=\"fusion-layout-column fusion_builder_column fusion_builder_column_1_1  fusion-one-full fusion-column-first fusion-column-last 1_1\"  style='margin-top:0px;margin-bottom:20px;'>\n\t\t\t\t\t<div class=\"fusion-column-wrapper\" style=\"padding: 0px 0px 0px 0px;background-position:left top;background-repeat:no-repeat;-webkit-background-size:cover;-moz-background-size:cover;-o-background-size:cover;background-size:cover;\"  data-bg-url=\"\">\n\t\t\t\t\t\t<div class=\"imageframe-align-center\"><span class=\"fusion-imageframe imageframe-none imageframe-1 hover-type-none\"><img loading=\"lazy\" decoding=\"async\" src=\"http:\/\/cdrmuseudelapauma.cat\/worpre\/wp-content\/uploads\/2018\/12\/curro1.jpg\" width=\"1681\" height=\"300\" alt=\"\" title=\"curro1\" class=\"img-responsive wp-image-1347\" srcset=\"https:\/\/cdrmuseudelapauma.cat\/worpre\/wp-content\/uploads\/2018\/12\/curro1-200x36.jpg 200w, https:\/\/cdrmuseudelapauma.cat\/worpre\/wp-content\/uploads\/2018\/12\/curro1-400x71.jpg 400w, https:\/\/cdrmuseudelapauma.cat\/worpre\/wp-content\/uploads\/2018\/12\/curro1-600x107.jpg 600w, https:\/\/cdrmuseudelapauma.cat\/worpre\/wp-content\/uploads\/2018\/12\/curro1-800x143.jpg 800w, https:\/\/cdrmuseudelapauma.cat\/worpre\/wp-content\/uploads\/2018\/12\/curro1-1200x214.jpg 1200w, https:\/\/cdrmuseudelapauma.cat\/worpre\/wp-content\/uploads\/2018\/12\/curro1.jpg 1681w\" sizes=\"auto, (max-width: 1120px) 100vw, 1200px\" \/><\/span><\/div><div class=\"fusion-clearfix\"><\/div>\n\n\t\t\t\t\t<\/div>\n\t\t\t\t<\/div><\/div><\/div><div class=\"fusion-fullwidth fullwidth-box nonhundred-percent-fullwidth non-hundred-percent-height-scrolling\"  style='background-color: #efefef;background-position: center center;background-repeat: no-repeat;padding-top:0px;padding-right:30px;padding-bottom:0px;padding-left:30px;'><div class=\"fusion-builder-row fusion-row \"><div  class=\"fusion-layout-column fusion_builder_column fusion_builder_column_1_1  fusion-one-full fusion-column-first fusion-column-last 1_1\"  style='margin-top:0px;margin-bottom:20px;'>\n\t\t\t\t\t<div class=\"fusion-column-wrapper\" style=\"padding: 0px 0px 0px 0px;background-position:left top;background-repeat:no-repeat;-webkit-background-size:cover;-moz-background-size:cover;-o-background-size:cover;background-size:cover;\"  data-bg-url=\"\">\n\t\t\t\t\t\t<div class=\"fusion-text\"><blockquote>\n<p>Artesania i disseny s\u00f3n dos disciplines que sovint naveguen per mars diferents, per\u00f2 al Museu de la Pauma de Mas de Barberans han trobat un v\u00e8rtex d\u2019uni\u00f3. Fa dos anys, el Museu va convidar al dissenyador industrial Curro Claret (Barcelona, 1968) com a jurat del Certamen Internacional de les Fibres Naturals i una mica m\u00e9s tard el va conv\u00e8ncer per dirigir\u00a0Lo Rogle, un projecte de creaci\u00f3 col\u00b7lectiva impulsat pel Museu de la Pauma en col\u00b7laboraci\u00f3 de l\u2019Escola d\u2019Art i Disseny d\u2019Amposta (ESARDI) i el Consell Comarcal del Montsi\u00e0 amb l\u2019objectiu d\u2019explorar noves possibilitats per a una fibra vegetal molt arrelada a les Terres de l\u2019Ebre. Tot un repte que Claret ha compartit amb una quinzena d\u2019alumnes de diferents disciplines i edats i amb tres professors m\u00e9s: les artesanes Marta Armengol i Cinta Subirats i Marta Catal\u00e1n, experta en agricultura i jardineria ecol\u00f2gica i tints naturals. Dijous 2 d\u2019agost s\u2019inaugurar\u00e0 l\u2019exposici\u00f3 al Museu de la Pauma del projecte\u00a0Lo Rogle. Pauma comuna. Per aix\u00f2 hem volgut conversar amb Curro Claret.<\/p>\n<\/blockquote>\n<\/div><div class=\"fusion-clearfix\"><\/div>\n\n\t\t\t\t\t<\/div>\n\t\t\t\t<\/div><\/div><\/div><div class=\"fusion-fullwidth fullwidth-box nonhundred-percent-fullwidth non-hundred-percent-height-scrolling\"  style='background-color: #ffffff;background-position: center center;background-repeat: no-repeat;padding-top:0px;padding-right:0px;padding-bottom:0px;padding-left:30px;'><div class=\"fusion-builder-row fusion-row \"><div  class=\"fusion-layout-column fusion_builder_column fusion_builder_column_2_3  fusion-two-third fusion-column-first fusion-column-no-min-height 2_3\"  style='margin-top:0px;margin-bottom:20px;width:65.3333%; margin-right: 4%;'>\n\t\t\t\t\t<div class=\"fusion-column-wrapper\" style=\"padding: 0px 0px 0px 0px;background-position:left top;background-repeat:no-repeat;-webkit-background-size:cover;-moz-background-size:cover;-o-background-size:cover;background-size:cover;\"  data-bg-url=\"\">\n\t\t\t\t\t\t<div class=\"fusion-text\"><p><strong>Per qu\u00e8 un dissenyador industrial s\u2019interessa per la pauma?<\/strong>\n<p>Per mi no \u00e9s tant el material o el mitj\u00e0 com tot all\u00f2 que l\u2019envolta. Com a dissenyador el que m\u2019interessa \u00e9s la reflexi\u00f3 sobre com vivim, la nostra relaci\u00f3 amb l\u2019entorn. \u00a0La pauma \u00e9s un material biodegradable, que naix de la natura, que segueix la l\u00f2gica de la manufactura manual i que t\u00e9 al darrera un bagatge que ha quedat una mica relegat. Per a mi tot aix\u00f2 s\u00f3n elements d\u2019atracci\u00f3. Tamb\u00e9 s\u00f3n un est\u00edmul els interrogants que s\u2019obren quan relaciones artesania i disseny contemporani.<\/p>\n<p><strong>Vas venir tu o et van anar a buscar?<\/strong><\/p>\n<p>Em van venir a buscar. Per\u00f2 no \u00e9s la primera vegada que exploro aquests \u00e0mbits. No havia treballat mai amb pauma, per\u00f2 fa molt temps que com a dissenyador m\u2019interessa l\u2019artesania. Potser per aix\u00f2 em van triar com a jurat del Certamen Internacional de les Fibres Vegetals.<\/p>\n<p><strong>Quina ha estat exactament la teua feina?<\/strong><\/p>\n<p>Se\u2019m va proposar conduir i dinamitzar el projecte. L\u2019objectiu era buscar quin nou paper pot tenir la pauma dins la societat actual. Una fibra amb un passat hist\u00f2ric que li pesa. Buscar, des de la visi\u00f3 del disseny, quines propostes podien sorgir. El cert \u00e9s que ha estat un proc\u00e9s col\u00b7lectiu on jo no he fet de director. Potser hagu\u00e9s sigut el m\u00e9s f\u00e0cil, per\u00f2 tot el que hem treballat ho hem discutit entre tots, ha estat una manera de fer molt horitzontal i oberta, on hem explorat pr\u00e0ctiques i metodologies i les capacitats mec\u00e0niques i productives de la pauma.<\/p>\n<\/div><div class=\"fusion-clearfix\"><\/div>\n\n\t\t\t\t\t<\/div>\n\t\t\t\t<\/div><\/div><\/div><div class=\"fusion-fullwidth fullwidth-box nonhundred-percent-fullwidth non-hundred-percent-height-scrolling\"  style='background-color: #ffffff;background-position: center center;background-repeat: no-repeat;padding-top:0px;padding-right:0px;padding-bottom:0px;padding-left:0px;'><div class=\"fusion-builder-row fusion-row \"><div  class=\"fusion-layout-column fusion_builder_column fusion_builder_column_1_1  fusion-one-full fusion-column-first fusion-column-last 1_1\"  style='margin-top:0px;margin-bottom:20px;'>\n\t\t\t\t\t<div class=\"fusion-column-wrapper\" style=\"padding: 0px 0px 0px 0px;background-position:left top;background-repeat:no-repeat;-webkit-background-size:cover;-moz-background-size:cover;-o-background-size:cover;background-size:cover;\"  data-bg-url=\"\">\n\t\t\t\t\t\t<div class=\"imageframe-align-center\"><span class=\"fusion-imageframe imageframe-none imageframe-2 hover-type-none\"><img loading=\"lazy\" decoding=\"async\" src=\"http:\/\/cdrmuseudelapauma.cat\/worpre\/wp-content\/uploads\/2018\/12\/curro2.jpg\" width=\"1000\" height=\"667\" alt=\"\" title=\"curro2\" class=\"img-responsive wp-image-1348\" srcset=\"https:\/\/cdrmuseudelapauma.cat\/worpre\/wp-content\/uploads\/2018\/12\/curro2-200x133.jpg 200w, https:\/\/cdrmuseudelapauma.cat\/worpre\/wp-content\/uploads\/2018\/12\/curro2-400x267.jpg 400w, https:\/\/cdrmuseudelapauma.cat\/worpre\/wp-content\/uploads\/2018\/12\/curro2-600x400.jpg 600w, https:\/\/cdrmuseudelapauma.cat\/worpre\/wp-content\/uploads\/2018\/12\/curro2-800x534.jpg 800w, https:\/\/cdrmuseudelapauma.cat\/worpre\/wp-content\/uploads\/2018\/12\/curro2.jpg 1000w\" sizes=\"auto, (max-width: 1120px) 100vw, 1000px\" \/><\/span><\/div><div class=\"fusion-clearfix\"><\/div>\n\n\t\t\t\t\t<\/div>\n\t\t\t\t<\/div><\/div><\/div><div class=\"fusion-fullwidth fullwidth-box nonhundred-percent-fullwidth non-hundred-percent-height-scrolling\"  style='background-color: #ffffff;background-position: center center;background-repeat: no-repeat;padding-top:0px;padding-right:0px;padding-bottom:0px;padding-left:0px;'><div class=\"fusion-builder-row fusion-row \"><div  class=\"fusion-layout-column fusion_builder_column fusion_builder_column_1_3  fusion-one-third fusion-column-first 1_3\"  style='margin-top:0px;margin-bottom:20px;width:33.33%;width:calc(33.33% - ( ( 4% ) * 0.3333 ) );margin-right: 4%;'>\n\t\t\t\t\t<div class=\"fusion-column-wrapper\" style=\"padding: 0px 0px 0px 0px;background-position:center bottom;background-repeat:no-repeat;-webkit-background-size:cover;-moz-background-size:cover;-o-background-size:cover;background-size:cover;\"  data-bg-url=\"\">\n\t\t\t\t\t\t<div class=\"fusion-column-content-centered\"><div class=\"fusion-column-content\"><div class=\"imageframe-align-center\"><span class=\"fusion-imageframe imageframe-none imageframe-3 hover-type-none\"><img loading=\"lazy\" decoding=\"async\" src=\"http:\/\/cdrmuseudelapauma.cat\/worpre\/wp-content\/uploads\/2018\/12\/curro3.jpg\" width=\"1500\" height=\"1000\" alt=\"\" title=\"curro3\" class=\"img-responsive wp-image-1352\" srcset=\"https:\/\/cdrmuseudelapauma.cat\/worpre\/wp-content\/uploads\/2018\/12\/curro3-200x133.jpg 200w, https:\/\/cdrmuseudelapauma.cat\/worpre\/wp-content\/uploads\/2018\/12\/curro3-400x267.jpg 400w, https:\/\/cdrmuseudelapauma.cat\/worpre\/wp-content\/uploads\/2018\/12\/curro3-600x400.jpg 600w, https:\/\/cdrmuseudelapauma.cat\/worpre\/wp-content\/uploads\/2018\/12\/curro3-800x533.jpg 800w, https:\/\/cdrmuseudelapauma.cat\/worpre\/wp-content\/uploads\/2018\/12\/curro3-1200x800.jpg 1200w, https:\/\/cdrmuseudelapauma.cat\/worpre\/wp-content\/uploads\/2018\/12\/curro3.jpg 1500w\" sizes=\"auto, (max-width: 1120px) 100vw, 400px\" \/><\/span><\/div><\/div><\/div><div class=\"fusion-clearfix\"><\/div>\n\n\t\t\t\t\t<\/div>\n\t\t\t\t<\/div><div  class=\"fusion-layout-column fusion_builder_column fusion_builder_column_2_3  fusion-two-third fusion-column-last 2_3\"  style='margin-top:0px;margin-bottom:20px;width:66.66%;width:calc(66.66% - ( ( 4% ) * 0.6666 ) );'>\n\t\t\t\t\t<div class=\"fusion-column-wrapper\" style=\"padding: 0px 30px 0px 30px;background-position:left top;background-repeat:no-repeat;-webkit-background-size:cover;-moz-background-size:cover;-o-background-size:cover;background-size:cover;\"  data-bg-url=\"\">\n\t\t\t\t\t\t<div class=\"fusion-text\"><p><strong>Despr\u00e9s de gaireb\u00e9 dos anys de feina, quines serien les principals conclusions?<\/strong>\n<p>Un any pot semblar molt de temps, per\u00f2 ens trob\u00e0vem \u00fanicament un dissabte al mes. \u00c9s un temps limitat que d\u00f3na pel que d\u00f3na. No hem pogut aprofundir en una l\u00ednia molt concreta, per\u00f2 s\u00ed que l\u2019heterogene\u00eftat de les persones que han participat al projecte ens ha ajudat a obrir la ment a tots. Ha sigut una barreja de perfils molt interessant tant a nivell generacional com d\u2019\u00e0mbits de treball. Aix\u00f2 ha perm\u00e8s que la gent m\u00e9s jove forc\u00e9s a explorar nous contextos de la pauma i per contra els perfils m\u00e9s tradicionals i m\u00e9s allunyats del disseny han fet que en tot moment tingu\u00e9ssim els peus a terra. Podem dir que els m\u00e9s apegats a la tradici\u00f3 han vist que \u00e9s important obrir-se i atrevir-se a fer coses noves, i els m\u00e9s contemporanis s\u2019han adonat que la tradici\u00f3 t\u00e9 sentit i que les caracter\u00edstiques de la pauma s\u00f3n unes i se\u2019ls pot donar uns usos, per\u00f2 no uns altres.<\/p>\n<p><strong>Quines diries que s\u00f3n les possibilitats actuals i futures de la pauma?<\/strong><\/p>\n<p>Un tema que ens ha marcat molt ha estat el cost que acaba implicant. \u00c9s un problema que d\u2019entrada afecta a totes les artesanies. Invertir moltes hores de feina en un producte l\u2019encareix excessivament. Per aix\u00f2 al Rogle vam intentar sobretot centrar-nos en productes que la seua elaboraci\u00f3 no cost\u00e9s m\u00e9s d\u2019una hora. La idea inicial era que el volum d\u2019all\u00f2 teixit fos petit i utilitzar el m\u00ednim possible de material, perqu\u00e8 no nom\u00e9s \u00e9s el que costa fer la pe\u00e7a, s\u2019hi ha de sumar el que costa preparar la mat\u00e8ria prima: recollir el margall\u00f3, assecar les fulles, classificar-les&#8230;<\/p>\n<p><strong>I quin ha estat el resultat final?<\/strong><\/p>\n<p>Dels productes que han acabat sorgint, alguns s\u00f3n accessoris, mentre que altres intenten investigar nous usos de la pauma, com una sabonera exfoliant. Aquesta l\u00ednia de recerca explica que molts dels productes que hem treballat utilitzen la pauma com element singular que els d\u00f3na un toc diferencial per\u00f2 que estan fets amb\u00a0 altres materials. Tenim, per exemple, unes xancles en qu\u00e8 nom\u00e9s la tira \u00e9s de pauma, si fossin totes de pauma perdrien funcionalitat i serien molt m\u00e9s costoses, per tant la combinaci\u00f3 de la pauma amb altres materials ens obre tamb\u00e9 molts altres camps a explorar. Es proposen altres productes, com una llum de leds o una altra per a nadons que \u00e9s un globus fet de pauma que nom\u00e9s deixa sortir puntets de llum. L\u2019efecte de la llum a trav\u00e9s del trenat de la pauma, t\u00e9 uns matisos \u00fanics, com la fibra minimitza la font de llum&#8230; \u00c9s una idea interessant.<\/p>\n<p><strong>Tots els objectes dissenyats tenen una utilitat, heu defugit el simple objecte de decoraci\u00f3?<\/strong><\/p>\n<p>Probablement, i m\u00e9s tenint en compte que el repte era buscar peces petites realitzades amb poc material i poc temps. Una petita trena de pauma ja pot afegir valor a un producte determinat. Tamb\u00e9 s\u2019han testejat altres camins, com fer motllos de pauma per estampar samarretes amb tints naturals. \u00c9s cert que les peces m\u00e9s elaborades amb pauma mantindran el seu espai, tamb\u00e9 dins l\u2019\u00e0mbit de l\u2019art, per\u00f2 el nostre repte era dissenyar peces m\u00e9s quotidianes a l\u2019abast de tothom.<\/p>\n<\/div><div class=\"fusion-clearfix\"><\/div>\n\n\t\t\t\t\t<\/div>\n\t\t\t\t<\/div><\/div><\/div>\n","protected":false},"excerpt":{"rendered":"","protected":false},"author":1,"featured_media":1347,"comment_status":"open","ping_status":"open","sticky":false,"template":"","format":"standard","meta":{"_uf_show_specific_survey":0,"_uf_disable_surveys":false,"footnotes":""},"categories":[7],"tags":[],"class_list":["post-1346","post","type-post","status-publish","format-standard","has-post-thumbnail","hentry","category-noticies"],"_links":{"self":[{"href":"https:\/\/cdrmuseudelapauma.cat\/worpre\/wp-json\/wp\/v2\/posts\/1346","targetHints":{"allow":["GET"]}}],"collection":[{"href":"https:\/\/cdrmuseudelapauma.cat\/worpre\/wp-json\/wp\/v2\/posts"}],"about":[{"href":"https:\/\/cdrmuseudelapauma.cat\/worpre\/wp-json\/wp\/v2\/types\/post"}],"author":[{"embeddable":true,"href":"https:\/\/cdrmuseudelapauma.cat\/worpre\/wp-json\/wp\/v2\/users\/1"}],"replies":[{"embeddable":true,"href":"https:\/\/cdrmuseudelapauma.cat\/worpre\/wp-json\/wp\/v2\/comments?post=1346"}],"version-history":[{"count":6,"href":"https:\/\/cdrmuseudelapauma.cat\/worpre\/wp-json\/wp\/v2\/posts\/1346\/revisions"}],"predecessor-version":[{"id":1357,"href":"https:\/\/cdrmuseudelapauma.cat\/worpre\/wp-json\/wp\/v2\/posts\/1346\/revisions\/1357"}],"wp:featuredmedia":[{"embeddable":true,"href":"https:\/\/cdrmuseudelapauma.cat\/worpre\/wp-json\/wp\/v2\/media\/1347"}],"wp:attachment":[{"href":"https:\/\/cdrmuseudelapauma.cat\/worpre\/wp-json\/wp\/v2\/media?parent=1346"}],"wp:term":[{"taxonomy":"category","embeddable":true,"href":"https:\/\/cdrmuseudelapauma.cat\/worpre\/wp-json\/wp\/v2\/categories?post=1346"},{"taxonomy":"post_tag","embeddable":true,"href":"https:\/\/cdrmuseudelapauma.cat\/worpre\/wp-json\/wp\/v2\/tags?post=1346"}],"curies":[{"name":"wp","href":"https:\/\/api.w.org\/{rel}","templated":true}]}}