{"id":1410,"date":"2018-12-20T17:30:02","date_gmt":"2018-12-20T15:30:02","guid":{"rendered":"http:\/\/cdrmuseudelapauma.cat\/worpre\/?p=1410"},"modified":"2019-07-11T12:24:09","modified_gmt":"2019-07-11T10:24:09","slug":"jotes-i-pauma-simbiosi-de-musica-i-artesania","status":"publish","type":"post","link":"https:\/\/cdrmuseudelapauma.cat\/worpre\/jotes-i-pauma-simbiosi-de-musica-i-artesania\/","title":{"rendered":"Jotes i pauma, simbiosi de m\u00fasica i artesania"},"content":{"rendered":"<div class=\"fusion-fullwidth fullwidth-box nonhundred-percent-fullwidth non-hundred-percent-height-scrolling\"  style='background-color: #ffffff;background-position: center center;background-repeat: no-repeat;padding-top:0px;padding-right:0px;padding-bottom:0px;padding-left:0px;'><div class=\"fusion-builder-row fusion-row \"><div  class=\"fusion-layout-column fusion_builder_column fusion_builder_column_1_1  fusion-one-full fusion-column-first fusion-column-last 1_1\"  style='margin-top:0px;margin-bottom:20px;'>\n\t\t\t\t\t<div class=\"fusion-column-wrapper\" style=\"padding: 0px 0px 0px 0px;background-position:left top;background-repeat:no-repeat;-webkit-background-size:cover;-moz-background-size:cover;-o-background-size:cover;background-size:cover;\"  data-bg-url=\"\">\n\t\t\t\t\t\t<div class=\"imageframe-align-center\"><span style=\"max-width:100%;\" class=\"fusion-imageframe imageframe-none imageframe-1 hover-type-none\"><img loading=\"lazy\" decoding=\"async\" src=\"http:\/\/cdrmuseudelapauma.cat\/worpre\/wp-content\/uploads\/2018\/12\/foto-jota-web.jpg\" width=\"1200\" height=\"301\" alt=\"\" title=\"foto jota web\" class=\"img-responsive wp-image-1407\" srcset=\"https:\/\/cdrmuseudelapauma.cat\/worpre\/wp-content\/uploads\/2018\/12\/foto-jota-web-200x50.jpg 200w, https:\/\/cdrmuseudelapauma.cat\/worpre\/wp-content\/uploads\/2018\/12\/foto-jota-web-400x100.jpg 400w, https:\/\/cdrmuseudelapauma.cat\/worpre\/wp-content\/uploads\/2018\/12\/foto-jota-web-600x151.jpg 600w, https:\/\/cdrmuseudelapauma.cat\/worpre\/wp-content\/uploads\/2018\/12\/foto-jota-web-800x201.jpg 800w, https:\/\/cdrmuseudelapauma.cat\/worpre\/wp-content\/uploads\/2018\/12\/foto-jota-web.jpg 1200w\" sizes=\"auto, (max-width: 1120px) 100vw, 1200px\" \/><\/span><\/div><div class=\"fusion-clearfix\"><\/div>\n\n\t\t\t\t\t<\/div>\n\t\t\t\t<\/div><\/div><\/div><div class=\"fusion-fullwidth fullwidth-box nonhundred-percent-fullwidth non-hundred-percent-height-scrolling\"  style='background-color: #ffffff;background-position: center center;background-repeat: no-repeat;padding-top:0px;padding-right:30px;padding-bottom:0px;padding-left:30px;'><div class=\"fusion-builder-row fusion-row \"><div  class=\"fusion-layout-column fusion_builder_column fusion_builder_column_1_1  fusion-one-full fusion-column-first fusion-column-last 1_1\"  style='margin-top:0px;margin-bottom:20px;'>\n\t\t\t\t\t<div class=\"fusion-column-wrapper\" style=\"padding: 0px 0px 0px 0px;background-position:left top;background-repeat:no-repeat;-webkit-background-size:cover;-moz-background-size:cover;-o-background-size:cover;background-size:cover;\"  data-bg-url=\"\">\n\t\t\t\t\t\t<div class=\"fusion-text\"><p>La m\u00fasica i l&#8217;artesania viuen una simbiosi interessant al Mas de Barberans. Des del grup del taller de cant, que des del 2011 organitza el Museu de la Pauma, s&#8217;ha impulsat, juntament amb el Museu, un projecte que relaciona la m\u00fasica popular amb les plantes i amb la pr\u00f2pia activitat del Centre de Desenvolupament Rural.\u00a0 Amb el nom inicial de\u00a0<em>Jotes i plantes, <\/em>el resultat d&#8217;aquest projecte ha estat la\u00a0publicaci\u00f3 d&#8217;un petit llibre,\u00a0<em>Els cants de les plantes,\u00a0<\/em>que recull una selecci\u00f3 de cobles dedicades a un centenar d\u2019esp\u00e8cies de plantes que campen per la zona dels Ports i \u00e0rea d&#8217;influ\u00e8ncia. Cada planta t\u00e9 un cap\u00edtol on hi consta el nom popular, el nom cient\u00edfic, una fotografia i una selecci\u00f3 de cobles de versos heptasil\u00b7l\u00e0bics escrits per ser cantats en diversos g\u00e8neres de la m\u00fasica popular del territori (jota, fandango, cant de treball&#8230;). El llibre ha estat editat pels mateixos integrants del Taller de Cant i inclou un codi QR a trav\u00e9s del qual s&#8217;accedeix a una selecci\u00f3 de temes, interpretats a ritme de jota i cants de treball pels participants del taller, amb l&#8217;acompanyament musical de la Uni\u00f3 Musical de Mas de Barberans.<\/p>\n<p>Paral\u00b7lelament, un cap\u00edtol de la \u00a0publicaci\u00f3 est\u00e0 dedicat als treballs de la pauma, amb una tria de cobles i una versi\u00f3 cantada de la Jota Masovera. A m\u00e9s a m\u00e9s, el repertori inicial de can\u00e7ons es va poder ampliar amb la realitzaci\u00f3 d&#8217;uns tallers espec\u00edfics dins el programa de Tallers i Jornades de Mem\u00f2ria Oral 2018-2019 de l&#8217;Observatori del Patrimoni Etnol\u00f2gic i Immaterial de Catalunya.<\/p>\n<p>El projecte ha comptat amb la coordinaci\u00f3 del\u00a0 m\u00fasic ebrenc Arturo Gaya; l&#8217;assesorament cient\u00edfic de Salvador Cardero, especialista en bot\u00e0nica i membre del Grup de Recerca Terres de l&#8217;Ebre; i la col\u00b7laboraci\u00f3 del fil\u00f2leg Joan Maria Roman\u00ed. El document sonor est\u00e0 finan\u00e7at per l&#8217;Observatori del Patrimoni Etnol\u00f2gic i Immaterial, del qual el Museu de la Pauma\u00a0 n&#8217;\u00e9s antena, i per l&#8217;ajuntament de Mas de Barberans.<\/p>\n<p>Aqu\u00ed sota podeu escoltar les can\u00e7ons.<\/p>\n<p>FOTO: <strong>Tim Johnson<\/strong><\/p>\n<!--[if lt IE 9]><script>document.createElement('audio');<\/script><![endif]-->\n<audio class=\"wp-audio-shortcode\" id=\"audio-1410-1\" preload=\"none\" style=\"width: 100%;\" controls=\"controls\"><source type=\"audio\/mpeg\" src=\"https:\/\/cdrmuseudelapauma.cat\/worpre\/wp-content\/uploads\/2019\/06\/01.-CANTEM-A-LES-FLORS-AUBADA-1.mp3?_=1\" \/><a href=\"https:\/\/cdrmuseudelapauma.cat\/worpre\/wp-content\/uploads\/2019\/06\/01.-CANTEM-A-LES-FLORS-AUBADA-1.mp3\">https:\/\/cdrmuseudelapauma.cat\/worpre\/wp-content\/uploads\/2019\/06\/01.-CANTEM-A-LES-FLORS-AUBADA-1.mp3<\/a><\/audio>\n<p>CANTEM A LES FLORS (AUBADA)<\/p>\n<audio class=\"wp-audio-shortcode\" id=\"audio-1410-2\" preload=\"none\" style=\"width: 100%;\" controls=\"controls\"><source type=\"audio\/mpeg\" src=\"https:\/\/cdrmuseudelapauma.cat\/worpre\/wp-content\/uploads\/2019\/06\/02.-ESTACIONALS-JOTA-DE-RONDA-1-1.mp3?_=2\" \/><a href=\"https:\/\/cdrmuseudelapauma.cat\/worpre\/wp-content\/uploads\/2019\/06\/02.-ESTACIONALS-JOTA-DE-RONDA-1-1.mp3\">https:\/\/cdrmuseudelapauma.cat\/worpre\/wp-content\/uploads\/2019\/06\/02.-ESTACIONALS-JOTA-DE-RONDA-1-1.mp3<\/a><\/audio>\n<p>ESTACIONALS (JOTA DE RONDA)<\/p>\n<audio class=\"wp-audio-shortcode\" id=\"audio-1410-3\" preload=\"none\" style=\"width: 100%;\" controls=\"controls\"><source type=\"audio\/mpeg\" src=\"https:\/\/cdrmuseudelapauma.cat\/worpre\/wp-content\/uploads\/2019\/06\/03.-OLORS-I-SABORS-CANT-D\u2019ERA-1.mp3?_=3\" \/><a href=\"https:\/\/cdrmuseudelapauma.cat\/worpre\/wp-content\/uploads\/2019\/06\/03.-OLORS-I-SABORS-CANT-D\u2019ERA-1.mp3\">https:\/\/cdrmuseudelapauma.cat\/worpre\/wp-content\/uploads\/2019\/06\/03.-OLORS-I-SABORS-CANT-D\u2019ERA-1.mp3<\/a><\/audio>\n<p>OLORS I SABORS (CANT D&#8217;ERA)<\/p>\n<audio class=\"wp-audio-shortcode\" id=\"audio-1410-4\" preload=\"none\" style=\"width: 100%;\" controls=\"controls\"><source type=\"audio\/mpeg\" src=\"https:\/\/cdrmuseudelapauma.cat\/worpre\/wp-content\/uploads\/2018\/12\/04.-DEL-BOSC-AL-TROS-JOTA-DE-RONDA.mp3?_=4\" \/><a href=\"https:\/\/cdrmuseudelapauma.cat\/worpre\/wp-content\/uploads\/2018\/12\/04.-DEL-BOSC-AL-TROS-JOTA-DE-RONDA.mp3\">https:\/\/cdrmuseudelapauma.cat\/worpre\/wp-content\/uploads\/2018\/12\/04.-DEL-BOSC-AL-TROS-JOTA-DE-RONDA.mp3<\/a><\/audio>\n<p>DEL BOSC AL TROS (JOTA DE RONDA)<\/p>\n<audio class=\"wp-audio-shortcode\" id=\"audio-1410-5\" preload=\"none\" style=\"width: 100%;\" controls=\"controls\"><source type=\"audio\/mpeg\" src=\"https:\/\/cdrmuseudelapauma.cat\/worpre\/wp-content\/uploads\/2019\/06\/05.-CONSELLS-I-RECORDS-CANT-D\u2019ERA-1.mp3?_=5\" \/><a href=\"https:\/\/cdrmuseudelapauma.cat\/worpre\/wp-content\/uploads\/2019\/06\/05.-CONSELLS-I-RECORDS-CANT-D\u2019ERA-1.mp3\">https:\/\/cdrmuseudelapauma.cat\/worpre\/wp-content\/uploads\/2019\/06\/05.-CONSELLS-I-RECORDS-CANT-D\u2019ERA-1.mp3<\/a><\/audio>\n<p>CONSELLS I RECORDS (CANT D&#8217;ERA)<\/p>\n<audio class=\"wp-audio-shortcode\" id=\"audio-1410-6\" preload=\"none\" style=\"width: 100%;\" controls=\"controls\"><source type=\"audio\/mpeg\" src=\"https:\/\/cdrmuseudelapauma.cat\/worpre\/wp-content\/uploads\/2019\/06\/06.-PICARDIA-I-SAVIESA-JOTA-DE-RONDA-1-1.mp3?_=6\" \/><a href=\"https:\/\/cdrmuseudelapauma.cat\/worpre\/wp-content\/uploads\/2019\/06\/06.-PICARDIA-I-SAVIESA-JOTA-DE-RONDA-1-1.mp3\">https:\/\/cdrmuseudelapauma.cat\/worpre\/wp-content\/uploads\/2019\/06\/06.-PICARDIA-I-SAVIESA-JOTA-DE-RONDA-1-1.mp3<\/a><\/audio>\n<p>PICARDIA I SAVIESA (JOTA DE RONDA)<\/p>\n<audio class=\"wp-audio-shortcode\" id=\"audio-1410-7\" preload=\"none\" style=\"width: 100%;\" controls=\"controls\"><source type=\"audio\/mpeg\" src=\"https:\/\/cdrmuseudelapauma.cat\/worpre\/wp-content\/uploads\/2018\/12\/07.-ROM\u00c0NTICS-CANTS-D\u2019ERA.mp3?_=7\" \/><a href=\"https:\/\/cdrmuseudelapauma.cat\/worpre\/wp-content\/uploads\/2018\/12\/07.-ROM\u00c0NTICS-CANTS-D\u2019ERA.mp3\">https:\/\/cdrmuseudelapauma.cat\/worpre\/wp-content\/uploads\/2018\/12\/07.-ROM\u00c0NTICS-CANTS-D\u2019ERA.mp3<\/a><\/audio>\n<p>ROM\u00c0NTICS (CANT D&#8217;ERA)<\/p>\n<audio class=\"wp-audio-shortcode\" id=\"audio-1410-8\" preload=\"none\" style=\"width: 100%;\" controls=\"controls\"><source type=\"audio\/mpeg\" src=\"https:\/\/cdrmuseudelapauma.cat\/worpre\/wp-content\/uploads\/2018\/12\/08.-PAUMA-I-TRADICI\u00d3-JOTA-DE-RONDA-.mp3?_=8\" \/><a href=\"https:\/\/cdrmuseudelapauma.cat\/worpre\/wp-content\/uploads\/2018\/12\/08.-PAUMA-I-TRADICI\u00d3-JOTA-DE-RONDA-.mp3\">https:\/\/cdrmuseudelapauma.cat\/worpre\/wp-content\/uploads\/2018\/12\/08.-PAUMA-I-TRADICI\u00d3-JOTA-DE-RONDA-.mp3<\/a><\/audio>\n<p>PAUMA I TRADICI\u00d3 (JOTA DE RONDA)<\/p>\n<audio class=\"wp-audio-shortcode\" id=\"audio-1410-9\" preload=\"none\" style=\"width: 100%;\" controls=\"controls\"><source type=\"audio\/mpeg\" src=\"https:\/\/cdrmuseudelapauma.cat\/worpre\/wp-content\/uploads\/2018\/12\/09.-ARTESANIA-D\u00c8CIMA.mp3?_=9\" \/><a href=\"https:\/\/cdrmuseudelapauma.cat\/worpre\/wp-content\/uploads\/2018\/12\/09.-ARTESANIA-D\u00c8CIMA.mp3\">https:\/\/cdrmuseudelapauma.cat\/worpre\/wp-content\/uploads\/2018\/12\/09.-ARTESANIA-D\u00c8CIMA.mp3<\/a><\/audio>\n<p>ARTESANIA (D\u00c8CIMA)<\/p>\n<audio class=\"wp-audio-shortcode\" id=\"audio-1410-10\" preload=\"none\" style=\"width: 100%;\" controls=\"controls\"><source type=\"audio\/mpeg\" src=\"https:\/\/cdrmuseudelapauma.cat\/worpre\/wp-content\/uploads\/2019\/06\/10.-DES-DEL-MAS-JOTA-MASOVERA-1.mp3?_=10\" \/><a href=\"https:\/\/cdrmuseudelapauma.cat\/worpre\/wp-content\/uploads\/2019\/06\/10.-DES-DEL-MAS-JOTA-MASOVERA-1.mp3\">https:\/\/cdrmuseudelapauma.cat\/worpre\/wp-content\/uploads\/2019\/06\/10.-DES-DEL-MAS-JOTA-MASOVERA-1.mp3<\/a><\/audio>\n<p>DES DEL MAS (JOTA MASOVERA)<\/p>\n<audio class=\"wp-audio-shortcode\" id=\"audio-1410-11\" preload=\"none\" style=\"width: 100%;\" controls=\"controls\"><source type=\"audio\/mpeg\" src=\"https:\/\/cdrmuseudelapauma.cat\/worpre\/wp-content\/uploads\/2019\/06\/11.-INFUSI\u00d3-I-REMEI-CANT-D\u2019ERA-1.mp3?_=11\" \/><a href=\"https:\/\/cdrmuseudelapauma.cat\/worpre\/wp-content\/uploads\/2019\/06\/11.-INFUSI\u00d3-I-REMEI-CANT-D\u2019ERA-1.mp3\">https:\/\/cdrmuseudelapauma.cat\/worpre\/wp-content\/uploads\/2019\/06\/11.-INFUSI\u00d3-I-REMEI-CANT-D\u2019ERA-1.mp3<\/a><\/audio>\n<p>INFUSI\u00d3 I REMEI (CANT D&#8217;ERA)<\/p>\n<audio class=\"wp-audio-shortcode\" id=\"audio-1410-12\" preload=\"none\" style=\"width: 100%;\" controls=\"controls\"><source type=\"audio\/mpeg\" src=\"https:\/\/cdrmuseudelapauma.cat\/worpre\/wp-content\/uploads\/2018\/12\/12.-L\u2019ALDEA-GLOBAL-CANT-D\u2019ERA.mp3?_=12\" \/><a href=\"https:\/\/cdrmuseudelapauma.cat\/worpre\/wp-content\/uploads\/2018\/12\/12.-L\u2019ALDEA-GLOBAL-CANT-D\u2019ERA.mp3\">https:\/\/cdrmuseudelapauma.cat\/worpre\/wp-content\/uploads\/2018\/12\/12.-L\u2019ALDEA-GLOBAL-CANT-D\u2019ERA.mp3<\/a><\/audio>\n<p>L&#8217;ALDEA GLOBAL (CANT D&#8217;ERA)<\/p>\n<\/div><div class=\"fusion-clearfix\"><\/div>\n\n\t\t\t\t\t<\/div>\n\t\t\t\t<\/div><\/div><\/div>\n","protected":false},"excerpt":{"rendered":"","protected":false},"author":4,"featured_media":1407,"comment_status":"open","ping_status":"open","sticky":false,"template":"","format":"standard","meta":{"_uf_show_specific_survey":0,"_uf_disable_surveys":false,"footnotes":""},"categories":[7],"tags":[129,128,127,131,130],"class_list":["post-1410","post","type-post","status-publish","format-standard","has-post-thumbnail","hentry","category-noticies","tag-arturo-gaya","tag-botanica","tag-jota","tag-mas-de-marberans","tag-museu-de-la-pauma"],"_links":{"self":[{"href":"https:\/\/cdrmuseudelapauma.cat\/worpre\/wp-json\/wp\/v2\/posts\/1410","targetHints":{"allow":["GET"]}}],"collection":[{"href":"https:\/\/cdrmuseudelapauma.cat\/worpre\/wp-json\/wp\/v2\/posts"}],"about":[{"href":"https:\/\/cdrmuseudelapauma.cat\/worpre\/wp-json\/wp\/v2\/types\/post"}],"author":[{"embeddable":true,"href":"https:\/\/cdrmuseudelapauma.cat\/worpre\/wp-json\/wp\/v2\/users\/4"}],"replies":[{"embeddable":true,"href":"https:\/\/cdrmuseudelapauma.cat\/worpre\/wp-json\/wp\/v2\/comments?post=1410"}],"version-history":[{"count":21,"href":"https:\/\/cdrmuseudelapauma.cat\/worpre\/wp-json\/wp\/v2\/posts\/1410\/revisions"}],"predecessor-version":[{"id":2414,"href":"https:\/\/cdrmuseudelapauma.cat\/worpre\/wp-json\/wp\/v2\/posts\/1410\/revisions\/2414"}],"wp:featuredmedia":[{"embeddable":true,"href":"https:\/\/cdrmuseudelapauma.cat\/worpre\/wp-json\/wp\/v2\/media\/1407"}],"wp:attachment":[{"href":"https:\/\/cdrmuseudelapauma.cat\/worpre\/wp-json\/wp\/v2\/media?parent=1410"}],"wp:term":[{"taxonomy":"category","embeddable":true,"href":"https:\/\/cdrmuseudelapauma.cat\/worpre\/wp-json\/wp\/v2\/categories?post=1410"},{"taxonomy":"post_tag","embeddable":true,"href":"https:\/\/cdrmuseudelapauma.cat\/worpre\/wp-json\/wp\/v2\/tags?post=1410"}],"curies":[{"name":"wp","href":"https:\/\/api.w.org\/{rel}","templated":true}]}}