{"id":19,"date":"2011-08-19T07:48:08","date_gmt":"2011-08-19T07:48:08","guid":{"rendered":"http:\/\/cdrmuseudelapauma.cat\/worpre\/presentacio\/"},"modified":"2017-04-13T00:17:09","modified_gmt":"2017-04-13T00:17:09","slug":"presentacio","status":"publish","type":"post","link":"https:\/\/cdrmuseudelapauma.cat\/worpre\/presentacio\/","title":{"rendered":"Presentaci\u00f3"},"content":{"rendered":"<p> \t<img loading=\"lazy\" decoding=\"async\" class=\" size-full wp-image-18\" border=\"0\" src=\"http:\/\/cdrmuseudelapauma.cat\/worpre\/wp-content\/uploads\/2011\/08\/fotos_web_cdr.jpg\" width=\"560\" height=\"100\" srcset=\"https:\/\/cdrmuseudelapauma.cat\/worpre\/wp-content\/uploads\/2011\/08\/fotos_web_cdr-300x54.jpg 300w, https:\/\/cdrmuseudelapauma.cat\/worpre\/wp-content\/uploads\/2011\/08\/fotos_web_cdr.jpg 560w\" sizes=\"auto, (max-width: 560px) 100vw, 560px\" \/><\/p>\n<p> \tEl <strong>Museu de la <em>Pauma <\/em><\/strong>de Mas de Barberans est\u00e0 destinat a re-valoritzar el patrimoni etnol\u00f2gic del poble.<\/p>\n<p style=\"text-align: justify;\"> \tLa creaci\u00f3 del Museu s&rsquo;encabeix dins d&rsquo;un projecte de recuperaci\u00f3 del patrimoni etnol\u00f2gic per tal de fer-lo productiu al segle XXI. Activitats com la recerca, el programa pedag\u00f2gic de transmissi\u00f3 de l&rsquo;ofici, la creaci\u00f3 de nous productes conjugant la tradici\u00f3 i la modernitat, les demostracions artesanals, tallers en diferents fibres vegetals, tallers d&rsquo;aprendre a llatar adaptats a diferents edats i diferents nivells, prestaci\u00f3 de diferents serveis: consulta i pr\u00e8stec de peces tant del fons fotogr\u00e0fic com del fons de peces,exposcions permanents, exposicions temporals &#8230;conviuen dins del Museus<\/p>\n<p style=\"text-align: justify;\"> \tArquitect\u00f2nicament l&rsquo;edifici \u00e9s de nova creaci\u00f3 i consta de: sala de reserva, magatzem, recepci\u00f3, punt de venda artesanal, despatx, sala d&rsquo;exposici\u00f3 permanent, sala de Tallers, sala polivalent i terrassa interpretativa i panor\u00e0mica. Aquests espais f\u00edsics estan distribu\u00efts en quatre plantes, comunicades amb escales i ascensor, totalment apte per a persones amb minusvalia.<\/p>\n<p style=\"text-align: justify;\"> \tQuant a la col\u00b7lecci\u00f3 es porta a terme una pol\u00edtica d&rsquo;adquisicions en qu\u00e8 es valora l&rsquo;ingr\u00e9s de cada pe\u00e7a, atenent a uns criteris molt definits, per tal de no crear un magatzem de peces sin\u00f3 una sala de reserva i documentaci\u00f3.<\/p>\n<p style=\"text-align: justify;\"> \tAl punt de venda artesanal es venen b\u00e0sicament els productes masovers m\u00e9s genu\u00efns: l&rsquo;oli, sent el producte estrella l&rsquo;oli d&rsquo;oliveres mil\u00b7len\u00e0ries, productes fets amb pauma on es conjuga disseny i tradici\u00f3 i llibres de tem\u00e0tica espec\u00edfica vinculada al centre.<\/p>\n","protected":false},"excerpt":{"rendered":"<p>El Museu de la Pauma de Mas de Barberans est\u00e0 [&hellip;]<\/p>\n","protected":false},"author":1,"featured_media":18,"comment_status":"closed","ping_status":"closed","sticky":false,"template":"","format":"standard","meta":{"_uf_show_specific_survey":0,"_uf_disable_surveys":false,"footnotes":""},"categories":[7],"tags":[],"class_list":["post-19","post","type-post","status-publish","format-standard","has-post-thumbnail","hentry","category-noticies"],"_links":{"self":[{"href":"https:\/\/cdrmuseudelapauma.cat\/worpre\/wp-json\/wp\/v2\/posts\/19","targetHints":{"allow":["GET"]}}],"collection":[{"href":"https:\/\/cdrmuseudelapauma.cat\/worpre\/wp-json\/wp\/v2\/posts"}],"about":[{"href":"https:\/\/cdrmuseudelapauma.cat\/worpre\/wp-json\/wp\/v2\/types\/post"}],"author":[{"embeddable":true,"href":"https:\/\/cdrmuseudelapauma.cat\/worpre\/wp-json\/wp\/v2\/users\/1"}],"replies":[{"embeddable":true,"href":"https:\/\/cdrmuseudelapauma.cat\/worpre\/wp-json\/wp\/v2\/comments?post=19"}],"version-history":[{"count":1,"href":"https:\/\/cdrmuseudelapauma.cat\/worpre\/wp-json\/wp\/v2\/posts\/19\/revisions"}],"predecessor-version":[{"id":495,"href":"https:\/\/cdrmuseudelapauma.cat\/worpre\/wp-json\/wp\/v2\/posts\/19\/revisions\/495"}],"wp:featuredmedia":[{"embeddable":true,"href":"https:\/\/cdrmuseudelapauma.cat\/worpre\/wp-json\/wp\/v2\/media\/18"}],"wp:attachment":[{"href":"https:\/\/cdrmuseudelapauma.cat\/worpre\/wp-json\/wp\/v2\/media?parent=19"}],"wp:term":[{"taxonomy":"category","embeddable":true,"href":"https:\/\/cdrmuseudelapauma.cat\/worpre\/wp-json\/wp\/v2\/categories?post=19"},{"taxonomy":"post_tag","embeddable":true,"href":"https:\/\/cdrmuseudelapauma.cat\/worpre\/wp-json\/wp\/v2\/tags?post=19"}],"curies":[{"name":"wp","href":"https:\/\/api.w.org\/{rel}","templated":true}]}}