{"id":21,"date":"2011-08-19T08:22:45","date_gmt":"2011-08-19T08:22:45","guid":{"rendered":"http:\/\/cdrmuseudelapauma.cat\/worpre\/situacio\/"},"modified":"2017-04-13T00:17:09","modified_gmt":"2017-04-13T00:17:09","slug":"situacio","status":"publish","type":"post","link":"https:\/\/cdrmuseudelapauma.cat\/worpre\/situacio\/","title":{"rendered":"Situaci\u00f3"},"content":{"rendered":"<p> \t<img loading=\"lazy\" decoding=\"async\" class=\" size-full wp-image-20\" alt=\"alt\" src=\"http:\/\/cdrmuseudelapauma.cat\/worpre\/wp-content\/uploads\/2011\/08\/fotos_web_terrat.jpg\" style=\"width: 560px; height: 100px;\" width=\"560\" height=\"100\" \/><\/p>\n<p> \tMas de Barberans est\u00e0 a la comarca del Montsi\u00e0, prov\u00edncia de Tarragona, per\u00f2 nom\u00e9s a 25Km de les prov\u00edncies de Val\u00e8ncia i Castell\u00f3. Les poblacions m\u00e9s properes i conegudes s\u00f3n: Tortosa, Amposta, Sant Cales de la R\u00e0pita, Vinar\u00f2s, Benicarl\u00f3 i la S\u00e9nia. Tamb\u00e9 estan a prop: Beseit, Arnes, i Horta de Sant Joan, per\u00f2 queden darrera el mass\u00eds dels Ports.<\/p>\n<p> \tSi es ve pel Nord des de Lleida, cal anar direcci\u00f3 sud per l&#8217;eix de l&#8217;Ebre (ctra. C-12) fins a Tortosa.<\/p>\n<p> \tSi es ve des de Tarragona o Barcelona, cal sortir per l&#8217;autopista a l&#8217;altura de Tortosa\/l&#8217;Aldea, o a Amposta.<\/p>\n<p> \tSi es ve pel sud del pa\u00eds (Val\u00e8ncia i Castell\u00f3) es pot arribar al poble per Ulldecona, Sant Rafel del Rio i la S\u00e9nia. \u00a0<\/p>\n<p> \t<strong>Per on es pot arribar al poble:<\/strong><br \/> \t&#8211; Pel Nord-Est: A <strong>Tortosa<\/strong>, a la rotonda &#8220;Pla\u00e7a del Bimil\u00b7lenari&#8221; agafar el trencall cap a la C-12 Amposta\/Lleida. Un cop creuat el riu Ebre pel Pont del Mil\u00b7lenari seguir recte en direcci\u00f3 Raval de Crist (segona sortida de la &#8220;Rotonda dels Nusos&#8221;). Despr\u00e9s de travessar pel mig el barri de Raval de Crist, al final de tot hi ha una petita rotonda amb tres oliveres: aqu\u00ed cal fer 3\/4 de volta i agafar la carretera TV-3421 que porta directe a Mas de Barberans (16Km &#8211; 20min). <small><a href=\"http:\/\/maps.google.es\/maps?f=d&#038;source=embed&#038;saddr=tortosa&#038;daddr=43514+Mas+de+Barberans&#038;geocode=Ffy5bgIdJfMHACmVeehPoeSgEjHK7wH7ifWU_A%3BFSeQbQIdlLIFACmTxJoG4POgEjFhUQEvTfHv7w&#038;aq=&#038;sll=40.764161,0.525284&#038;sspn=0.160441,0.363579&#038;hl=es&#038;mra=ls&#038;ie=UTF8&#038;t=m&#038;ll=40.77247,0.447085&#038;spn=0.07728,0.14845\" target=\"_blank\">Veure el mapa de l&#8217;itinerari<\/a><\/small><\/p>\n<p> \t&#8211; Per l&#8217;Est: A <strong>Amposta<\/strong>, agafar la carretera d&#8217;Amposta a Masdenverge T-344. Travessar Masdenverge i seguir recte per la carretera d&#8217;Amposta a Santa B\u00e0rbara T-350. Un cop s&#8217;arriba a Santa B\u00e0rbara, vorejar el poble per l&#8217;esquerra: en la primer rotonda, 3\/4 de volta direcci\u00f3 Ulldecona\/la S\u00e9nia. En la seg\u00fcent rotonda, 1\/2 volta direcci\u00f3 la Galera\/la S\u00e9nia\/Godall. En la tercera rotonda, 1\/4 de volta direcci\u00f3 Mas de Barberans Seguir per la carretera TV-1025 fins al poble (25Km &#8211; 25min). <small><a href=\"http:\/\/maps.google.es\/maps?f=d&#038;source=embed&#038;saddr=amposta&#038;daddr=43514+Mas+de+Barberans&#038;geocode=FXg4bQIdhNkIACmr4-j8dP6gEjHuZdNUZd540w%3BFSeQbQIdlLIFACmTxJoG4POgEjFhUQEvTfHv7w&#038;aq=&#038;sll=40.695477,0.43087&#038;sspn=0.160606,0.363579&#038;hl=es&#038;mra=ls&#038;ie=UTF8&#038;ll=40.695477,0.43087&#038;spn=0.03376,0.21261&#038;t=m\" target=\"_blank\">Veure el mapa de l&#8217;itinerari<\/a><\/small><\/p>\n<p> \t&#8211; Pel Sud: A <strong>la S\u00e9nia<\/strong>, al sud del poble hi ha el trencall cap a la carretera de Mas de Barberans TV-3421 (15Km &#8211; 20min). <small><a href=\"http:\/\/maps.google.es\/maps?f=d&#038;source=embed&#038;saddr=la+senia&#038;daddr=43514+Mas+de+Barberans&#038;hl=es&#038;geocode=FSwEbAIdk1oEACl_DZFNoIqgEjHGv1UuHO_8ag%3BFSeQbQIdlLIFACmTxJoG4POgEjFhUQEvTfHv7w&#038;aq=&#038;sll=40.734759,0.373396&#038;sspn=0.160512,0.363579&#038;g=mas+de+barberans&#038;mra=ls&#038;ie=UTF8&#038;ll=40.734771,0.373535&#038;spn=0.10261,0.08876&#038;t=m\" target=\"_blank\">Veure el mapa de l&#8217;itinerari<\/a><\/small><\/p>\n<p> \tSituaci\u00f3 del Museu en el mapa de relleu: <small><a href=\"http:\/\/maps.google.es\/maps?f=q&#038;source=embed&#038;hl=es&#038;geocode=+&#038;q=mas+de+barberans&#038;ie=UTF8&#038;hq=&#038;hnear=Mas+de+Barberans,+Tarragona,+Catalu%C3%B1a&#038;t=m&#038;z=12&#038;ll=40.734759,0.373396\" target=\"_blank\">Veure el mapa de relleu<\/a><\/small><\/p>\n","protected":false},"excerpt":{"rendered":"<p>Mas de Barberans est\u00e0 a la comarca del Montsi\u00e0, prov\u00edncia [&hellip;]<\/p>\n","protected":false},"author":1,"featured_media":20,"comment_status":"closed","ping_status":"closed","sticky":false,"template":"","format":"standard","meta":{"_uf_show_specific_survey":0,"_uf_disable_surveys":false,"footnotes":""},"categories":[7],"tags":[],"class_list":["post-21","post","type-post","status-publish","format-standard","has-post-thumbnail","hentry","category-noticies"],"_links":{"self":[{"href":"https:\/\/cdrmuseudelapauma.cat\/worpre\/wp-json\/wp\/v2\/posts\/21","targetHints":{"allow":["GET"]}}],"collection":[{"href":"https:\/\/cdrmuseudelapauma.cat\/worpre\/wp-json\/wp\/v2\/posts"}],"about":[{"href":"https:\/\/cdrmuseudelapauma.cat\/worpre\/wp-json\/wp\/v2\/types\/post"}],"author":[{"embeddable":true,"href":"https:\/\/cdrmuseudelapauma.cat\/worpre\/wp-json\/wp\/v2\/users\/1"}],"replies":[{"embeddable":true,"href":"https:\/\/cdrmuseudelapauma.cat\/worpre\/wp-json\/wp\/v2\/comments?post=21"}],"version-history":[{"count":1,"href":"https:\/\/cdrmuseudelapauma.cat\/worpre\/wp-json\/wp\/v2\/posts\/21\/revisions"}],"predecessor-version":[{"id":499,"href":"https:\/\/cdrmuseudelapauma.cat\/worpre\/wp-json\/wp\/v2\/posts\/21\/revisions\/499"}],"wp:featuredmedia":[{"embeddable":true,"href":"https:\/\/cdrmuseudelapauma.cat\/worpre\/wp-json\/wp\/v2\/media\/20"}],"wp:attachment":[{"href":"https:\/\/cdrmuseudelapauma.cat\/worpre\/wp-json\/wp\/v2\/media?parent=21"}],"wp:term":[{"taxonomy":"category","embeddable":true,"href":"https:\/\/cdrmuseudelapauma.cat\/worpre\/wp-json\/wp\/v2\/categories?post=21"},{"taxonomy":"post_tag","embeddable":true,"href":"https:\/\/cdrmuseudelapauma.cat\/worpre\/wp-json\/wp\/v2\/tags?post=21"}],"curies":[{"name":"wp","href":"https:\/\/api.w.org\/{rel}","templated":true}]}}