{"id":27,"date":"2011-08-22T09:08:26","date_gmt":"2011-08-22T09:08:26","guid":{"rendered":"http:\/\/cdrmuseudelapauma.cat\/worpre\/visites-guiades-al-museu\/"},"modified":"2011-08-22T09:08:26","modified_gmt":"2011-08-22T09:08:26","slug":"visites-guiades-al-museu","status":"publish","type":"post","link":"https:\/\/cdrmuseudelapauma.cat\/worpre\/visites-guiades-al-museu\/","title":{"rendered":"Visites guiades"},"content":{"rendered":"<p> \t<img loading=\"lazy\" decoding=\"async\" class=\" size-full wp-image-24\" alt=\"alt\" src=\"http:\/\/cdrmuseudelapauma.cat\/worpre\/wp-content\/uploads\/2011\/08\/nueva%20imagen.jpg\" width=\"560\" height=\"100\" \/><\/p>\n<p> \tComen\u00e7arem explicant tot el proc\u00e9s des de la planta a la pe\u00e7a acabada.<\/p>\n<p> \t<img loading=\"lazy\" decoding=\"async\" class=\" size-full wp-image-25\" alt=\"alt\" src=\"http:\/\/cdrmuseudelapauma.cat\/worpre\/wp-content\/uploads\/2011\/08\/fotos_web_mapa.jpg\" width=\"560\" height=\"100\" srcset=\"https:\/\/cdrmuseudelapauma.cat\/worpre\/wp-content\/uploads\/2011\/08\/fotos_web_mapa-300x54.jpg 300w, https:\/\/cdrmuseudelapauma.cat\/worpre\/wp-content\/uploads\/2011\/08\/fotos_web_mapa.jpg 560w\" sizes=\"auto, (max-width: 560px) 100vw, 560px\" \/><\/p>\n<p> \tSeguidament explicarem el treball de la <em>pauma<\/em> als pobles del Parc Natural dels Ports: Alfara de Carles, Els REguers, Pa\u00fcls i Mas de Barberans.<\/p>\n<p> \t<img loading=\"lazy\" decoding=\"async\" class=\" size-full wp-image-26\" alt=\"alt\" src=\"http:\/\/cdrmuseudelapauma.cat\/worpre\/wp-content\/uploads\/2011\/08\/fotos_web_barata.jpg\" width=\"560\" height=\"100\" srcset=\"https:\/\/cdrmuseudelapauma.cat\/worpre\/wp-content\/uploads\/2011\/08\/fotos_web_barata-300x54.jpg 300w, https:\/\/cdrmuseudelapauma.cat\/worpre\/wp-content\/uploads\/2011\/08\/fotos_web_barata.jpg 560w\" sizes=\"auto, (max-width: 560px) 100vw, 560px\" \/><\/p>\n<p> \tAnualment passen pel museu quatre exposcions temporals, es visitar\u00e0 la que hi hagi en aquells moments.<\/p>\n<p> \t<img loading=\"lazy\" decoding=\"async\" class=\" size-full wp-image-20\" alt=\"alt\" src=\"http:\/\/cdrmuseudelapauma.cat\/worpre\/wp-content\/uploads\/2011\/08\/fotos_web_terrat.jpg\" width=\"560\" height=\"100\" \/><\/p>\n<p> \tAcabarem la visita sortint a la terrassa i donant una ullada a la vista panor\u00e0mica que defineix la gr\u00e0cia del Mas de Barberans.<\/p>\n<p> \t\u00a0<\/p>\n","protected":false},"excerpt":{"rendered":"<p>Comen\u00e7arem explicant tot el proc\u00e9s des de la planta a [&hellip;]<\/p>\n","protected":false},"author":1,"featured_media":24,"comment_status":"closed","ping_status":"closed","sticky":false,"template":"","format":"standard","meta":{"_uf_show_specific_survey":0,"_uf_disable_surveys":false,"footnotes":""},"categories":[7],"tags":[],"class_list":["post-27","post","type-post","status-publish","format-standard","has-post-thumbnail","hentry","category-noticies"],"_links":{"self":[{"href":"https:\/\/cdrmuseudelapauma.cat\/worpre\/wp-json\/wp\/v2\/posts\/27","targetHints":{"allow":["GET"]}}],"collection":[{"href":"https:\/\/cdrmuseudelapauma.cat\/worpre\/wp-json\/wp\/v2\/posts"}],"about":[{"href":"https:\/\/cdrmuseudelapauma.cat\/worpre\/wp-json\/wp\/v2\/types\/post"}],"author":[{"embeddable":true,"href":"https:\/\/cdrmuseudelapauma.cat\/worpre\/wp-json\/wp\/v2\/users\/1"}],"replies":[{"embeddable":true,"href":"https:\/\/cdrmuseudelapauma.cat\/worpre\/wp-json\/wp\/v2\/comments?post=27"}],"version-history":[{"count":0,"href":"https:\/\/cdrmuseudelapauma.cat\/worpre\/wp-json\/wp\/v2\/posts\/27\/revisions"}],"wp:featuredmedia":[{"embeddable":true,"href":"https:\/\/cdrmuseudelapauma.cat\/worpre\/wp-json\/wp\/v2\/media\/24"}],"wp:attachment":[{"href":"https:\/\/cdrmuseudelapauma.cat\/worpre\/wp-json\/wp\/v2\/media?parent=27"}],"wp:term":[{"taxonomy":"category","embeddable":true,"href":"https:\/\/cdrmuseudelapauma.cat\/worpre\/wp-json\/wp\/v2\/categories?post=27"},{"taxonomy":"post_tag","embeddable":true,"href":"https:\/\/cdrmuseudelapauma.cat\/worpre\/wp-json\/wp\/v2\/tags?post=27"}],"curies":[{"name":"wp","href":"https:\/\/api.w.org\/{rel}","templated":true}]}}