{"id":35,"date":"2011-08-23T07:32:52","date_gmt":"2011-08-23T07:32:52","guid":{"rendered":"http:\/\/cdrmuseudelapauma.cat\/worpre\/pauma-i-plata\/"},"modified":"2011-08-23T07:32:52","modified_gmt":"2011-08-23T07:32:52","slug":"pauma-i-plata","status":"publish","type":"post","link":"https:\/\/cdrmuseudelapauma.cat\/worpre\/pauma-i-plata\/","title":{"rendered":"Pauma i plata"},"content":{"rendered":"<p> \t<img loading=\"lazy\" decoding=\"async\" class=\" size-full wp-image-34\" border=\"0\" src=\"http:\/\/cdrmuseudelapauma.cat\/worpre\/wp-content\/uploads\/2011\/08\/fotos_web_joianegre.jpg\" width=\"560\" height=\"100\" srcset=\"https:\/\/cdrmuseudelapauma.cat\/worpre\/wp-content\/uploads\/2011\/08\/fotos_web_joianegre-300x54.jpg 300w, https:\/\/cdrmuseudelapauma.cat\/worpre\/wp-content\/uploads\/2011\/08\/fotos_web_joianegre.jpg 560w\" sizes=\"auto, (max-width: 560px) 100vw, 560px\" \/><\/p>\n<p> \tDins del projecte Oficis Singulars cofinan\u00e7at per l&#8217;ajuntament de Mas de Barberans i Artesania de Catalunya hi ha el projecte la Pauma a les Terres de l&#8217;Ebre. De la col.laboraci\u00f3 entre el col.lectiu d&#8217;artesanes de la Pauma de Mas de Barberans i la joiera ampostina: Sara Dom\u00e8nech va sorgir una col.lecci\u00f3 que va donar lloc a una exposici\u00f3.<\/p>\n<p> \tL&#8217;exposici\u00f3 encara es pot veure al Museu de la Pauma, les peces es poden comprar al mateix museu o a la joieria que t\u00e9 Sara Dom\u00e8nech a Amposta.<\/p>\n<p> \tEs poden veure les peces i els preus al pdf adjunt.<\/p>\n<p> \t\u00a0<\/p>\n<p> \t\u00a0<\/p>\n","protected":false},"excerpt":{"rendered":"<p>Dins del projecte Oficis Singulars cofinan\u00e7at per l&#8217;ajuntament de Mas [&hellip;]<\/p>\n","protected":false},"author":1,"featured_media":34,"comment_status":"closed","ping_status":"closed","sticky":false,"template":"","format":"standard","meta":{"_uf_show_specific_survey":0,"_uf_disable_surveys":false,"footnotes":""},"categories":[7],"tags":[],"class_list":["post-35","post","type-post","status-publish","format-standard","has-post-thumbnail","hentry","category-noticies"],"_links":{"self":[{"href":"https:\/\/cdrmuseudelapauma.cat\/worpre\/wp-json\/wp\/v2\/posts\/35","targetHints":{"allow":["GET"]}}],"collection":[{"href":"https:\/\/cdrmuseudelapauma.cat\/worpre\/wp-json\/wp\/v2\/posts"}],"about":[{"href":"https:\/\/cdrmuseudelapauma.cat\/worpre\/wp-json\/wp\/v2\/types\/post"}],"author":[{"embeddable":true,"href":"https:\/\/cdrmuseudelapauma.cat\/worpre\/wp-json\/wp\/v2\/users\/1"}],"replies":[{"embeddable":true,"href":"https:\/\/cdrmuseudelapauma.cat\/worpre\/wp-json\/wp\/v2\/comments?post=35"}],"version-history":[{"count":0,"href":"https:\/\/cdrmuseudelapauma.cat\/worpre\/wp-json\/wp\/v2\/posts\/35\/revisions"}],"wp:featuredmedia":[{"embeddable":true,"href":"https:\/\/cdrmuseudelapauma.cat\/worpre\/wp-json\/wp\/v2\/media\/34"}],"wp:attachment":[{"href":"https:\/\/cdrmuseudelapauma.cat\/worpre\/wp-json\/wp\/v2\/media?parent=35"}],"wp:term":[{"taxonomy":"category","embeddable":true,"href":"https:\/\/cdrmuseudelapauma.cat\/worpre\/wp-json\/wp\/v2\/categories?post=35"},{"taxonomy":"post_tag","embeddable":true,"href":"https:\/\/cdrmuseudelapauma.cat\/worpre\/wp-json\/wp\/v2\/tags?post=35"}],"curies":[{"name":"wp","href":"https:\/\/api.w.org\/{rel}","templated":true}]}}