{"id":3592,"date":"2021-07-12T11:40:31","date_gmt":"2021-07-12T09:40:31","guid":{"rendered":"https:\/\/cdrmuseudelapauma.cat\/worpre\/?p=3592"},"modified":"2021-07-12T11:49:58","modified_gmt":"2021-07-12T09:49:58","slug":"lacustica-de-laigua","status":"publish","type":"post","link":"https:\/\/cdrmuseudelapauma.cat\/worpre\/lacustica-de-laigua\/","title":{"rendered":"L&#8217;ac\u00fastica de l&#8217;aigua"},"content":{"rendered":"<div class=\"fusion-fullwidth fullwidth-box nonhundred-percent-fullwidth non-hundred-percent-height-scrolling\"  style='background-color: #ffffff;background-position: center center;background-repeat: no-repeat;padding-top:0px;padding-right:0px;padding-bottom:0px;padding-left:0px;'><div class=\"fusion-builder-row fusion-row \"><div  class=\"fusion-layout-column fusion_builder_column fusion_builder_column_1_1  fusion-one-full fusion-column-first fusion-column-last 1_1\"  style='margin-top:0px;margin-bottom:20px;'>\n\t\t\t\t\t<div class=\"fusion-column-wrapper\" style=\"padding: 0px 0px 0px 0px;background-position:left top;background-repeat:no-repeat;-webkit-background-size:cover;-moz-background-size:cover;-o-background-size:cover;background-size:cover;\"  data-bg-url=\"\">\n\t\t\t\t\t\t<div class=\"imageframe-align-center\"><span style=\"max-width:100%;\" class=\"fusion-imageframe imageframe-none imageframe-1 hover-type-none\"><img loading=\"lazy\" decoding=\"async\" src=\"https:\/\/cdrmuseudelapauma.cat\/worpre\/wp-content\/uploads\/2021\/07\/aquatica-muntatge-web.jpeg\" width=\"998\" height=\"300\" alt=\"\" title=\"aquatica muntatge web\" class=\"img-responsive wp-image-3593\" srcset=\"https:\/\/cdrmuseudelapauma.cat\/worpre\/wp-content\/uploads\/2021\/07\/aquatica-muntatge-web-200x60.jpeg 200w, https:\/\/cdrmuseudelapauma.cat\/worpre\/wp-content\/uploads\/2021\/07\/aquatica-muntatge-web-400x120.jpeg 400w, https:\/\/cdrmuseudelapauma.cat\/worpre\/wp-content\/uploads\/2021\/07\/aquatica-muntatge-web-600x180.jpeg 600w, https:\/\/cdrmuseudelapauma.cat\/worpre\/wp-content\/uploads\/2021\/07\/aquatica-muntatge-web-800x240.jpeg 800w, https:\/\/cdrmuseudelapauma.cat\/worpre\/wp-content\/uploads\/2021\/07\/aquatica-muntatge-web.jpeg 998w\" sizes=\"auto, (max-width: 1120px) 100vw, 998px\" \/><\/span><\/div><div class=\"fusion-clearfix\"><\/div>\n\n\t\t\t\t\t<\/div>\n\t\t\t\t<\/div><\/div><\/div><div class=\"fusion-fullwidth fullwidth-box nonhundred-percent-fullwidth non-hundred-percent-height-scrolling\"  style='background-color: #ffffff;background-position: center center;background-repeat: no-repeat;padding-top:0px;padding-right:30px;padding-bottom:0px;padding-left:30px;'><div class=\"fusion-builder-row fusion-row \"><div  class=\"fusion-layout-column fusion_builder_column fusion_builder_column_1_1  fusion-one-full fusion-column-first fusion-column-last 1_1\"  style='margin-top:0px;margin-bottom:20px;'>\n\t\t\t\t\t<div class=\"fusion-column-wrapper\" style=\"padding: 0px 0px 0px 0px;background-position:left top;background-repeat:no-repeat;-webkit-background-size:cover;-moz-background-size:cover;-o-background-size:cover;background-size:cover;\"  data-bg-url=\"\">\n\t\t\t\t\t\t<div class=\"fusion-text\"><p>La m\u00fasica d\u2019avantguarda tamb\u00e9 tindr\u00e0 el seu lloc a la divuitena edici\u00f3 del Rac\u00f3 dels Artesans, la Fira Monogr\u00e0fica de les Fibres Vegetals del Mas de Barberans. Aix\u00ed, com activitat paral\u00b7lela al certamen s\u2019ha programat un concert que explora les possibilitats ac\u00fastiques de l\u2019aigua. Es tracta d\u2019<strong><em>Acu\u00e1tica<\/em><\/strong>, un projecte ideat pels artistes holandesos Peter Bosch i Simone Simons, molt vinculats al Museu de la Pauma, on Simons ha impartit diversos tallers amb l\u2019espart com a mat\u00e8ria prima. Ara mostraran la seva vessant d\u2019artistes sonors tot oferint una r\u00e8plica del concert que van presentar l\u2019octubre del 2019\u00a0 al CentroCentro de Madrid, dins el cicle de m\u00fasiques d\u2019avantguarda VANG. Ser\u00e0 un concert adaptat a l\u2019espai del Museu de la Pauma.<\/p>\n<p>Fent servir com instruments sis garrafes d\u2019aigua, algunes folrades amb fibres vegetals, amb hidr\u00f2fons al seu interior. El mecanisme consisteix en crear bombolles d\u2019aire a trav\u00e9s d\u2019un compressor i aixetes per generar diferents timbres de sons l\u00edquids que seran capturats i mesclats en directe, creant una mena de crescendo d\u2019uns 20 minuts de durada. Per a Bosch i Simons, l\u2019aigua constitueix l\u2019origen de l\u2019ADN ac\u00fastic de la humanitat, des de les remors aquoses i apagades del l\u00edquid amni\u00f2tic fins a l\u2019onatge suau o ferotge del mar, passant per les sonoritats dels rierols o els cops de la pluja damunt les superf\u00edcies m\u00e9s diverses.<\/p>\n<p>El concert tindr\u00e0 lloc a la sala Airosa del Mas de Barberans i cal inscriure&#8217;s pr\u00e8viament al <a href=\"https:\/\/cdrmuseudelapauma.cat\/worpre\/inscripcions-actes-destiu-al-museu\/\">web del Museu<\/a>. Seran quatre sessions, dues dissabte i dues diumenge a la tarda, la resta d\u2019hores funcionar\u00e0 com instal\u00b7laci\u00f3 perqu\u00e8 el p\u00fablic hi pugui investigar pel seu compte.\u00a0 Aquesta activitat s\u2019integra dins del cicle Ebre, M\u00fasica i Patrimoni 2021 del Museu Terres de l\u2019Ebre.<\/p>\n<\/div><div class=\"fusion-clearfix\"><\/div>\n\n\t\t\t\t\t<\/div>\n\t\t\t\t<\/div><\/div><\/div>\n","protected":false},"excerpt":{"rendered":"","protected":false},"author":4,"featured_media":3593,"comment_status":"open","ping_status":"open","sticky":false,"template":"","format":"standard","meta":{"_uf_show_specific_survey":0,"_uf_disable_surveys":false,"footnotes":""},"categories":[7],"tags":[],"class_list":["post-3592","post","type-post","status-publish","format-standard","has-post-thumbnail","hentry","category-noticies"],"_links":{"self":[{"href":"https:\/\/cdrmuseudelapauma.cat\/worpre\/wp-json\/wp\/v2\/posts\/3592","targetHints":{"allow":["GET"]}}],"collection":[{"href":"https:\/\/cdrmuseudelapauma.cat\/worpre\/wp-json\/wp\/v2\/posts"}],"about":[{"href":"https:\/\/cdrmuseudelapauma.cat\/worpre\/wp-json\/wp\/v2\/types\/post"}],"author":[{"embeddable":true,"href":"https:\/\/cdrmuseudelapauma.cat\/worpre\/wp-json\/wp\/v2\/users\/4"}],"replies":[{"embeddable":true,"href":"https:\/\/cdrmuseudelapauma.cat\/worpre\/wp-json\/wp\/v2\/comments?post=3592"}],"version-history":[{"count":3,"href":"https:\/\/cdrmuseudelapauma.cat\/worpre\/wp-json\/wp\/v2\/posts\/3592\/revisions"}],"predecessor-version":[{"id":3637,"href":"https:\/\/cdrmuseudelapauma.cat\/worpre\/wp-json\/wp\/v2\/posts\/3592\/revisions\/3637"}],"wp:featuredmedia":[{"embeddable":true,"href":"https:\/\/cdrmuseudelapauma.cat\/worpre\/wp-json\/wp\/v2\/media\/3593"}],"wp:attachment":[{"href":"https:\/\/cdrmuseudelapauma.cat\/worpre\/wp-json\/wp\/v2\/media?parent=3592"}],"wp:term":[{"taxonomy":"category","embeddable":true,"href":"https:\/\/cdrmuseudelapauma.cat\/worpre\/wp-json\/wp\/v2\/categories?post=3592"},{"taxonomy":"post_tag","embeddable":true,"href":"https:\/\/cdrmuseudelapauma.cat\/worpre\/wp-json\/wp\/v2\/tags?post=3592"}],"curies":[{"name":"wp","href":"https:\/\/api.w.org\/{rel}","templated":true}]}}