{"id":42,"date":"2011-08-23T08:49:56","date_gmt":"2011-08-23T08:49:56","guid":{"rendered":"http:\/\/cdrmuseudelapauma.cat\/worpre\/la-fira-un-exti-total\/"},"modified":"2011-08-23T08:49:56","modified_gmt":"2011-08-23T08:49:56","slug":"la-fira-un-exti-total","status":"publish","type":"post","link":"https:\/\/cdrmuseudelapauma.cat\/worpre\/la-fira-un-exti-total\/","title":{"rendered":"La Fira, un \u00e8xit total!"},"content":{"rendered":"<p> \t<img loading=\"lazy\" decoding=\"async\" class=\" size-full wp-image-41\" alt=\"alt\" src=\"http:\/\/cdrmuseudelapauma.cat\/worpre\/wp-content\/uploads\/2011\/08\/fotos_web_cartellfira.jpg\" width=\"560\" height=\"100\" srcset=\"https:\/\/cdrmuseudelapauma.cat\/worpre\/wp-content\/uploads\/2011\/08\/fotos_web_cartellfira-300x54.jpg 300w, https:\/\/cdrmuseudelapauma.cat\/worpre\/wp-content\/uploads\/2011\/08\/fotos_web_cartellfira.jpg 560w\" sizes=\"auto, (max-width: 560px) 100vw, 560px\" \/><\/p>\n<p> \tLa Fira ha estat tot un \u00e8xit! m\u00e9s de 8000 persones has passat aquests dos dies pel poble, i m\u00e9s de 4000 persones han entrat al museu.<\/p>\n<p> \tBona feina de l&#8217;organitzaci\u00f3, la senyalitzaci\u00f3 va ajudar molt a la mobilitat dels visitants, el temps va acompanyar, tant de dia com de nit van ser dos dies d&#8217;aprenentatge, festa i diversi\u00f3!<\/p>\n<p> \tGr\u00e0cies a tothom!<\/p>\n<p> \tEsperem veure&#8217;ns un altre cop l&#8217;any que ve.<\/p>\n<p> \t\u00a0<\/p>\n","protected":false},"excerpt":{"rendered":"<p>La Fira ha estat tot un \u00e8xit! m\u00e9s de 8000 [&hellip;]<\/p>\n","protected":false},"author":1,"featured_media":41,"comment_status":"closed","ping_status":"closed","sticky":false,"template":"","format":"standard","meta":{"_uf_show_specific_survey":0,"_uf_disable_surveys":false,"footnotes":""},"categories":[7],"tags":[],"class_list":["post-42","post","type-post","status-publish","format-standard","has-post-thumbnail","hentry","category-noticies"],"_links":{"self":[{"href":"https:\/\/cdrmuseudelapauma.cat\/worpre\/wp-json\/wp\/v2\/posts\/42","targetHints":{"allow":["GET"]}}],"collection":[{"href":"https:\/\/cdrmuseudelapauma.cat\/worpre\/wp-json\/wp\/v2\/posts"}],"about":[{"href":"https:\/\/cdrmuseudelapauma.cat\/worpre\/wp-json\/wp\/v2\/types\/post"}],"author":[{"embeddable":true,"href":"https:\/\/cdrmuseudelapauma.cat\/worpre\/wp-json\/wp\/v2\/users\/1"}],"replies":[{"embeddable":true,"href":"https:\/\/cdrmuseudelapauma.cat\/worpre\/wp-json\/wp\/v2\/comments?post=42"}],"version-history":[{"count":0,"href":"https:\/\/cdrmuseudelapauma.cat\/worpre\/wp-json\/wp\/v2\/posts\/42\/revisions"}],"wp:featuredmedia":[{"embeddable":true,"href":"https:\/\/cdrmuseudelapauma.cat\/worpre\/wp-json\/wp\/v2\/media\/41"}],"wp:attachment":[{"href":"https:\/\/cdrmuseudelapauma.cat\/worpre\/wp-json\/wp\/v2\/media?parent=42"}],"wp:term":[{"taxonomy":"category","embeddable":true,"href":"https:\/\/cdrmuseudelapauma.cat\/worpre\/wp-json\/wp\/v2\/categories?post=42"},{"taxonomy":"post_tag","embeddable":true,"href":"https:\/\/cdrmuseudelapauma.cat\/worpre\/wp-json\/wp\/v2\/tags?post=42"}],"curies":[{"name":"wp","href":"https:\/\/api.w.org\/{rel}","templated":true}]}}