{"id":6732,"date":"2023-10-26T10:50:06","date_gmt":"2023-10-26T08:50:06","guid":{"rendered":"https:\/\/cdrmuseudelapauma.cat\/worpre\/?p=6732"},"modified":"2023-10-26T11:53:47","modified_gmt":"2023-10-26T09:53:47","slug":"entrevista-a-corentin-laval-i-karen-gossart","status":"publish","type":"post","link":"https:\/\/cdrmuseudelapauma.cat\/worpre\/entrevista-a-corentin-laval-i-karen-gossart\/","title":{"rendered":"Entrevista a Corentin Laval i Karen Gossart"},"content":{"rendered":"<div class=\"fusion-fullwidth fullwidth-box nonhundred-percent-fullwidth non-hundred-percent-height-scrolling\"  style='background-color: #ffffff;background-position: center center;background-repeat: no-repeat;padding-top:0px;padding-right:0px;padding-bottom:0px;padding-left:0px;'><div class=\"fusion-builder-row fusion-row \"><div  class=\"fusion-layout-column fusion_builder_column fusion_builder_column_1_1  fusion-one-full fusion-column-first fusion-column-last 1_1\"  style='margin-top:0px;margin-bottom:20px;'>\n\t\t\t\t\t<div class=\"fusion-column-wrapper\" style=\"padding: 0px 0px 0px 0px;background-position:left top;background-repeat:no-repeat;-webkit-background-size:cover;-moz-background-size:cover;-o-background-size:cover;background-size:cover;\"  data-bg-url=\"\">\n\t\t\t\t\t\t<div class=\"fusion-title title fusion-title-center fusion-title-size-three\" style=\"margin-top:0px;margin-bottom:20px;\"><div class=\"title-sep-container title-sep-container-left\"><div class=\"title-sep sep-double sep-dashed\" style=\"border-color:#e0dede;\"><\/div><\/div><h3 class=\"title-heading-center\">&#8220;La t\u00e8cnica \u00e9s nom\u00e9s un pretext per a la creativitat i el joc&#8221;<\/h3><div class=\"title-sep-container title-sep-container-right\"><div class=\"title-sep sep-double sep-dashed\" style=\"border-color:#e0dede;\"><\/div><\/div><\/div><div class=\"fusion-clearfix\"><\/div>\n\n\t\t\t\t\t<\/div>\n\t\t\t\t<\/div><\/div><\/div><div class=\"fusion-fullwidth fullwidth-box nonhundred-percent-fullwidth non-hundred-percent-height-scrolling\"  style='background-color: #efefef;background-position: center center;background-repeat: no-repeat;padding-top:0px;padding-right:0px;padding-bottom:0px;padding-left:0px;'><div class=\"fusion-builder-row fusion-row \"><div  class=\"fusion-layout-column fusion_builder_column fusion_builder_column_1_1  fusion-one-full fusion-column-first fusion-column-last 1_1\"  style='margin-top:0px;margin-bottom:20px;'>\n\t\t\t\t\t<div class=\"fusion-column-wrapper\" style=\"padding: 0px 0px 0px 0px;background-position:left top;background-repeat:no-repeat;-webkit-background-size:cover;-moz-background-size:cover;-o-background-size:cover;background-size:cover;\"  data-bg-url=\"\">\n\t\t\t\t\t\t<div class=\"imageframe-align-center\"><span class=\"fusion-imageframe imageframe-none imageframe-1 hover-type-none\"><img loading=\"lazy\" decoding=\"async\" src=\"https:\/\/cdrmuseudelapauma.cat\/worpre\/wp-content\/uploads\/2023\/10\/KAREN-ET-CORENTIN-PORTRAIT-web.jpg\" width=\"1000\" height=\"300\" alt=\"\" title=\"KAREN ET CORENTIN PORTRAIT web\" class=\"img-responsive wp-image-6733\" srcset=\"https:\/\/cdrmuseudelapauma.cat\/worpre\/wp-content\/uploads\/2023\/10\/KAREN-ET-CORENTIN-PORTRAIT-web-200x60.jpg 200w, https:\/\/cdrmuseudelapauma.cat\/worpre\/wp-content\/uploads\/2023\/10\/KAREN-ET-CORENTIN-PORTRAIT-web-400x120.jpg 400w, https:\/\/cdrmuseudelapauma.cat\/worpre\/wp-content\/uploads\/2023\/10\/KAREN-ET-CORENTIN-PORTRAIT-web-600x180.jpg 600w, https:\/\/cdrmuseudelapauma.cat\/worpre\/wp-content\/uploads\/2023\/10\/KAREN-ET-CORENTIN-PORTRAIT-web-800x240.jpg 800w, https:\/\/cdrmuseudelapauma.cat\/worpre\/wp-content\/uploads\/2023\/10\/KAREN-ET-CORENTIN-PORTRAIT-web.jpg 1000w\" sizes=\"auto, (max-width: 1120px) 100vw, 1000px\" \/><\/span><\/div><div class=\"fusion-clearfix\"><\/div>\n\n\t\t\t\t\t<\/div>\n\t\t\t\t<\/div><\/div><\/div><div class=\"fusion-fullwidth fullwidth-box nonhundred-percent-fullwidth non-hundred-percent-height-scrolling\"  style='background-color: #efefef;background-position: center center;background-repeat: no-repeat;padding-top:0px;padding-right:30px;padding-bottom:0px;padding-left:30px;'><div class=\"fusion-builder-row fusion-row \"><div  class=\"fusion-layout-column fusion_builder_column fusion_builder_column_1_1  fusion-one-full fusion-column-first fusion-column-last 1_1\"  style='margin-top:0px;margin-bottom:20px;'>\n\t\t\t\t\t<div class=\"fusion-column-wrapper\" style=\"padding: 0px 0px 0px 0px;background-position:left top;background-repeat:no-repeat;-webkit-background-size:cover;-moz-background-size:cover;-o-background-size:cover;background-size:cover;\"  data-bg-url=\"\">\n\t\t\t\t\t\t<div class=\"fusion-text\"><blockquote>\n<p>Els l\u00edmits entre art i artesania s\u00f3n l\u00edquids i solubles, un aiguabarreig on les t\u00e8cniques m\u00e9s ancestrals i els materials quil\u00f2metre zero es posen al servei de la creaci\u00f3. Al Museu de la Pauma fa temps que explorem aquesta simbiosi d\u2019art i artesania i ara ho fem amb una nova exposici\u00f3 de producci\u00f3 pr\u00f2pia: <em>Spirales<\/em> de Corentin Laval i Karen Gossart, dos \u201cartesans d\u2019art\u201d establerts a la regi\u00f3 del P\u00e9rigord, al sud-oest de Fran\u00e7a, on han impulsat el projecte\u00a0<a href=\"https:\/\/www.oseraiedelile.com\/\" target=\"_blank\" rel=\"noopener\" data-cke-saved-href=\"https:\/\/www.oseraiedelile.com\/\">L&#8217;oseraie de l&#8217;\u00eele<\/a>\u00a0que uneix el conreu del v\u00edmet amb l&#8217;artesania. <em>Spirales <\/em>\u00a0\u00e9s una mostra a quatre mans que parteix d\u2019una t\u00e8cnica tradicional: el treball de v\u00edmet en espiral, molt arrelada a la regi\u00f3 del P\u00e9rigord (sud-oest de Fran\u00e7a) i que es fa servir per modelar el tradicional cistell bouyrico. Laval la va aprendre d\u2019un mestre artes\u00e0 i des de fa m\u00e9s de quinze anys, amb Gossart, que va estudiar Belles Arts, l\u2019han portat fins a l\u00edmits insospitats, tal com es podr\u00e0 veure a l\u2019exposici\u00f3 que inaugurem el proper 4 de novembre. Ens ho explica Karen Gossart en aquesta entrevista.<\/p>\n<\/blockquote>\n<\/div><div class=\"fusion-clearfix\"><\/div>\n\n\t\t\t\t\t<\/div>\n\t\t\t\t<\/div><\/div><\/div><div class=\"fusion-fullwidth fullwidth-box nonhundred-percent-fullwidth non-hundred-percent-height-scrolling\"  style='background-color: #ffffff;background-position: center center;background-repeat: no-repeat;padding-top:0px;padding-right:0px;padding-bottom:0px;padding-left:30px;'><div class=\"fusion-builder-row fusion-row \"><div  class=\"fusion-layout-column fusion_builder_column fusion_builder_column_2_3  fusion-two-third fusion-column-first fusion-column-no-min-height 2_3\"  style='margin-top:0px;margin-bottom:20px;width:65.3333%; margin-right: 4%;'>\n\t\t\t\t\t<div class=\"fusion-column-wrapper\" style=\"padding: 0px 0px 0px 0px;background-position:left top;background-repeat:no-repeat;-webkit-background-size:cover;-moz-background-size:cover;-o-background-size:cover;background-size:cover;\"  data-bg-url=\"\">\n\t\t\t\t\t\t<div class=\"fusion-text\"><p><strong>Primer que res quins s\u00f3n els vostres vincles amb el Museu de la Pauma? <\/strong>\n<p>Portem treballant amb el Museu des del 2014, quan vam venir per primera vegada al Rac\u00f3 dels Artesans. El Museu ens va sorprendre per la seua modernitat i qualitat. Des d\u2019aleshores seguim, ni que sigui de lluny, l\u2019oferta d\u2019activitats. A m\u00e9s el 2020 vam formar part de l\u2019exposici\u00f3 <em>Lookout<\/em>, comissariada per M\u00f2nica Guilera i Tim Johnson.<\/p>\n<p><strong> L\u2019exposici\u00f3 que prepareu per al Mas de Barberans que portar\u00e0 el t\u00edtol <em>Spirales<\/em>, parteix d\u2019una t\u00e8cnica tradicional: el teixit de v\u00edmet en espiral. Podem dir que \u00e9s nom\u00e9s una exposici\u00f3 per difondre aquesta t\u00e8cnica o \u00e9s quelcom m\u00e9s complex?<\/strong><\/p>\n<p>El nostre \u00e9s un treball for\u00e7a ecl\u00e8ctic i divers pel que fa a la creaci\u00f3 de peces, l\u2019\u00fanic element recurrent \u00e9s l\u2019\u00fas del v\u00edmet com a material. En aquesta exposici\u00f3 el que volem mostrar \u00e9s la riquesa infinita \u00a0de la t\u00e8cnica del teixit de v\u00edmet en espiral, una t\u00e8cnica que ha inspirat a Corentin des dels primers passos en la cistelleria. \u00c9s aix\u00ed de senzill.<\/p>\n<p><strong> D\u2019entrada el tema pot semblar molt t\u00e8cnic, \u00e9s una exposici\u00f3 per a experts o els profans tamb\u00e9 la poden gaudir?<\/strong><\/p>\n<p>La t\u00e8cnica \u00e9s nom\u00e9s un pretext per a la creaci\u00f3 i el joc. No \u00e9s una exposici\u00f3 per a experts, al contrari, esperem sorprendre el p\u00fablic i que provi de desentranyar aquestes espirals que creen m\u00faltiples dimensions.<\/p>\n<p><strong>La t\u00e8cnica que feu servir es coneix tamb\u00e9 com a trena neol\u00edtica i no \u00e9s exclusiva del v\u00edmet. A quins llocs l\u2019heu trobat i amb quins materials?<\/strong><\/p>\n<p>A molts llocs, no nom\u00e9s a Europa. A Burkina Faso, per exemple, all\u00ed la fan servir per fer barrets a partir de materials locals. Tamb\u00e9 l&#8217;hem trobat arreu del Mediterrani amb v\u00edmet, olivera, espart, murta&#8230; Aqu\u00ed a Catalunya i a Espanya, tamb\u00e9 es fa servir per a fer cistelles d&#8217;espart o els cofins de premsar olives. Ara b\u00e9, nom\u00e9s el cistell del P\u00e9rigord, anomenat bouyricou, t\u00e9 aquest teixit lleugerament m\u00e9s ample i asim\u00e8tric.<\/p>\n<\/div><div class=\"fusion-clearfix\"><\/div>\n\n\t\t\t\t\t<\/div>\n\t\t\t\t<\/div><\/div><\/div><div class=\"fusion-fullwidth fullwidth-box nonhundred-percent-fullwidth non-hundred-percent-height-scrolling\"  style='background-color: #ffffff;background-position: center center;background-repeat: no-repeat;padding-top:0px;padding-right:0px;padding-bottom:0px;padding-left:0px;'><div class=\"fusion-builder-row fusion-row \"><div  class=\"fusion-layout-column fusion_builder_column fusion_builder_column_1_1  fusion-one-full fusion-column-first fusion-column-last 1_1\"  style='margin-top:0px;margin-bottom:20px;'>\n\t\t\t\t\t<div class=\"fusion-column-wrapper\" style=\"padding: 0px 0px 0px 0px;background-position:left top;background-repeat:no-repeat;-webkit-background-size:cover;-moz-background-size:cover;-o-background-size:cover;background-size:cover;\"  data-bg-url=\"\">\n\t\t\t\t\t\t<div class=\"imageframe-align-center\"><span class=\"fusion-imageframe imageframe-none imageframe-2 hover-type-none\"><img loading=\"lazy\" decoding=\"async\" src=\"https:\/\/cdrmuseudelapauma.cat\/worpre\/wp-content\/uploads\/2023\/10\/IMG_2349.jpg\" width=\"5472\" height=\"3648\" alt=\"\" title=\"IMG_2349\" class=\"img-responsive wp-image-6737\" srcset=\"https:\/\/cdrmuseudelapauma.cat\/worpre\/wp-content\/uploads\/2023\/10\/IMG_2349-200x133.jpg 200w, https:\/\/cdrmuseudelapauma.cat\/worpre\/wp-content\/uploads\/2023\/10\/IMG_2349-400x267.jpg 400w, https:\/\/cdrmuseudelapauma.cat\/worpre\/wp-content\/uploads\/2023\/10\/IMG_2349-600x400.jpg 600w, https:\/\/cdrmuseudelapauma.cat\/worpre\/wp-content\/uploads\/2023\/10\/IMG_2349-800x533.jpg 800w, https:\/\/cdrmuseudelapauma.cat\/worpre\/wp-content\/uploads\/2023\/10\/IMG_2349-1200x800.jpg 1200w, https:\/\/cdrmuseudelapauma.cat\/worpre\/wp-content\/uploads\/2023\/10\/IMG_2349.jpg 5472w\" sizes=\"auto, (max-width: 1120px) 100vw, 1200px\" \/><\/span><\/div><div class=\"fusion-clearfix\"><\/div>\n\n\t\t\t\t\t<\/div>\n\t\t\t\t<\/div><\/div><\/div><div class=\"fusion-fullwidth fullwidth-box nonhundred-percent-fullwidth non-hundred-percent-height-scrolling\"  style='background-color: #ffffff;background-position: center center;background-repeat: no-repeat;padding-top:0px;padding-right:0px;padding-bottom:0px;padding-left:0px;'><div class=\"fusion-builder-row fusion-row \"><div  class=\"fusion-layout-column fusion_builder_column fusion_builder_column_1_3  fusion-one-third fusion-column-first 1_3\"  style='margin-top:0px;margin-bottom:20px;width:33.33%;width:calc(33.33% - ( ( 4% ) * 0.3333 ) );margin-right: 4%;'>\n\t\t\t\t\t<div class=\"fusion-column-wrapper\" style=\"padding: 0px 0px 0px 0px;background-position:center bottom;background-repeat:no-repeat;-webkit-background-size:cover;-moz-background-size:cover;-o-background-size:cover;background-size:cover;\"  data-bg-url=\"\">\n\t\t\t\t\t\t<div class=\"fusion-column-content-centered\"><div class=\"fusion-column-content\"><div class=\"imageframe-align-center\"><span class=\"fusion-imageframe imageframe-none imageframe-3 hover-type-none\"><img loading=\"lazy\" decoding=\"async\" src=\"https:\/\/cdrmuseudelapauma.cat\/worpre\/wp-content\/uploads\/2023\/10\/fOTO-ENTREVISTA.jpg\" width=\"3000\" height=\"2000\" alt=\"\" title=\"fOTO ENTREVISTA\" class=\"img-responsive wp-image-6736\" srcset=\"https:\/\/cdrmuseudelapauma.cat\/worpre\/wp-content\/uploads\/2023\/10\/fOTO-ENTREVISTA-200x133.jpg 200w, https:\/\/cdrmuseudelapauma.cat\/worpre\/wp-content\/uploads\/2023\/10\/fOTO-ENTREVISTA-400x267.jpg 400w, https:\/\/cdrmuseudelapauma.cat\/worpre\/wp-content\/uploads\/2023\/10\/fOTO-ENTREVISTA-600x400.jpg 600w, https:\/\/cdrmuseudelapauma.cat\/worpre\/wp-content\/uploads\/2023\/10\/fOTO-ENTREVISTA-800x533.jpg 800w, https:\/\/cdrmuseudelapauma.cat\/worpre\/wp-content\/uploads\/2023\/10\/fOTO-ENTREVISTA-1200x800.jpg 1200w, https:\/\/cdrmuseudelapauma.cat\/worpre\/wp-content\/uploads\/2023\/10\/fOTO-ENTREVISTA.jpg 3000w\" sizes=\"auto, (max-width: 1120px) 100vw, 400px\" \/><\/span><\/div><\/div><\/div><div class=\"fusion-clearfix\"><\/div>\n\n\t\t\t\t\t<\/div>\n\t\t\t\t<\/div><div  class=\"fusion-layout-column fusion_builder_column fusion_builder_column_2_3  fusion-two-third fusion-column-last 2_3\"  style='margin-top:0px;margin-bottom:20px;width:66.66%;width:calc(66.66% - ( ( 4% ) * 0.6666 ) );'>\n\t\t\t\t\t<div class=\"fusion-column-wrapper\" style=\"padding: 0px 30px 0px 30px;background-position:left top;background-repeat:no-repeat;-webkit-background-size:cover;-moz-background-size:cover;-o-background-size:cover;background-size:cover;\"  data-bg-url=\"\">\n\t\t\t\t\t\t<div class=\"fusion-text\"><p><strong>En qu\u00e8 consisteix el vostre projecte, l\u2019Oseraie de l\u2019\u00eele?<\/strong>\n<p>L&#8217;Oseraie de l&#8217;\u00eele \u00e9s una finca que existia molt abans que nosaltres hi an\u00e9ssim a viure. Des de fa diverses generacions a la vall del Garona, el corneu del v\u00edmet vinculat a la producci\u00f3 vitivin\u00edcola ha estat molt important per la proximitat a Bordeus, Sauternes, Graves..- S\u2019hi cultiva v\u00edmet des de fa uns 300 anys perqu\u00e8 es fa servir, entre altres per lligar les vinyes. Nosaltres ens vam fer c\u00e0rrec d\u2019aquesta finca el 2012. Com a cistellers ens semblava apropiat ocupar-nos d&#8217;una explotaci\u00f3 agr\u00edcola on tot gira al voltant del v\u00edmet. Al comen\u00e7ament vam treballar molt dur. Estem parlant de 7,5 hect\u00e0rees amb una producci\u00f3 d\u2019unes 80 tones de v\u00edmet a l\u2019any que eren utilitzades per lligar les vinyes i tamb\u00e9 per a encerclar les barriques de vi. Per\u00f2, en paral\u00b7lel, sempre hem continuat desenvolupant el nostre treball de cistellers. De fet, el 2020 vam decidir reduir l&#8217;activitat agr\u00edcola i apostar m\u00e9s per les nostres creacions. Per\u00f2 continuem mantenint la producci\u00f3 de v\u00edmet. D\u2019una banda, ens permet ser aut\u00f2noms i per una altra, per a nosaltres \u00e9s important veure cr\u00e9ixer la mat\u00e8ria prima i cuidar-la, encara que aix\u00f2 impliqui invertir molt de temps i ser m\u00e9s vers\u00e0tils. O<em>seraie<\/em> \u00e9s el lloc on es cultiva el v\u00edmet i nosaltres som <em>osi\u00e9rculteurs<\/em> i <em>vanniers<\/em>, \u00e9s a dir cultivadors de v\u00edmet i cistellers.<\/p>\n<p><strong> Per qu\u00e8 us fascina tant aquesta t\u00e8cnica del v\u00edmet teixit en espiral?<\/strong><\/p>\n<p>Per entendre-ho, n\u2019hi ha prou en provar-ho o veure treballar a Corentin. Fer servir aquesta t\u00e8cnica et permet estar en una mena de meditaci\u00f3 permanent repetint un gest fins a l\u2019infinit. Realment, \u00e9s fascinant.\u00a0 Com el gest \u00e9s sempre el mateix, s\u2019han de dominar els par\u00e0metres: m\u00e9s o menys v\u00edmet, m\u00e9s o menys espai entre les fibres. Trobar la dist\u00e0ncia i el ritme justos. El proc\u00e9s de creaci\u00f3 es converteix en un joc amb un potencial infinit. Abans d\u2019aconseguir dominar els par\u00e0metres \u00e9s una tortura per a les mans i per a la ment, sobretot si ets un expert del v\u00edmet, perqu\u00e8 \u00e9s una t\u00e8cnica molt confusa per als cistellers que treballen habitualment aquesta mat\u00e8ria prima i dominen el v\u00edmet cl\u00e0ssic.<\/p>\n<p><strong>A l\u2019exposici\u00f3 del Mas, qu\u00e8 es podr\u00e0 veure? Quantes peces i com seran?<\/strong><\/p>\n<p>Hi haur\u00e0 una selecci\u00f3 d\u2019una trentena de peces de cistelleria mural, de formes variades d\u2019espirals: meandres, mandales, cercles d\u2019engranatge&#8230; Tamb\u00e9 exposarem cistelleria en volum i instal\u00b7lacions d\u2019inspiraci\u00f3 aqu\u00e0tica com algues suspeses al fons del mar. Les ombres i els jocs de l\u00ednies indu\u00efts per la transpar\u00e8ncia dels teixits tamb\u00e9 formaran part de l\u2019exposici\u00f3.<\/p>\n<p><strong> Com estar\u00e0 estructurada? I quin resultat n\u2019espereu?<\/strong><\/p>\n<p>Ens agradaria submergir el p\u00fablic en el nostre m\u00f3n, per aix\u00f2 hi haur\u00e0 cistelleria del P\u00e9rigord. A m\u00e9s a m\u00e9s, les obres s\u2019instal\u00b7laran de manera que la gent se senti f\u00edsicament envoltada de cistelleria. L\u2019objectiu \u00e9s sorprendre i mostrar un altra vessant d\u2019all\u00f2 que pot arribar a ser la cistelleria de v\u00edmet. Si ho aconseguim estarem encantats d\u2019haver compartit part del nostre entusiasme pel v\u00edmet, un material amb el qual portem jugant m\u00e9s de quinze anys sense haver-nos avorrit mai.<\/p>\n<p><strong> Les peces les creeu a quatre mans o unes les produeix Corentine i les altres Karen?<\/strong><\/p>\n<p>Sovint treballem a quatre mans. Les peces tipus engranatge les fem junts, d\u2019altres les fem separats. Com es tracta de la t\u00e8cnica preferida de Corentin, gran part de les peces s\u00f3n seues, per\u00f2 en aquesta vegada hem treballat junts en el projecte, com fem molt sovint, la mirada de l\u2019altre ens acompanya, ens dona suport i ens desafia t\u00e8cnicament. \u00c9s aix\u00ed com podem avan\u00e7ar cap a nous horitzons.<\/p>\n<p><strong>A l\u2019Oseraie de l\u2019\u00eele conreeu un centenar de tipus de v\u00edmet diferent. En primer lloc, desconeixia que hi havia tantes varietats de v\u00edmet, i en segon lloc, m\u2019agradaria que expliqueu per qu\u00e8 exploreu tantes varietats i quines s\u00f3n les principals difer\u00e8ncies entre unes i altres?<\/strong><\/p>\n<p>\u00c9s com tenir una col\u00b7lecci\u00f3 perqu\u00e8 el que ens interessa \u00e9s veure com es comportar\u00e0 cada varietat al nostre terreny. Hi ha v\u00edmets de moltes qualitats: tou, dur, gruixut, fi, esvelt&#8230; i d\u2019escorces de diferents colors perqu\u00e8 fem servir v\u00edmet amb la seua escor\u00e7a (cru i sense pelar). Tenim els nostres favorits, per\u00f2 els fems servir en funci\u00f3 d\u2019all\u00f2 que necessitem: el m\u00e9s dur per a les corbes, el m\u00e9s tou per reomplir el trenat, les varietats m\u00e9s gruixudes per a les peces m\u00e9s grans i les m\u00e9s fines per als treballs m\u00e9s elaborats.<\/p>\n<p><strong> Us considereu m\u00e9s artistes que artesans?<\/strong><\/p>\n<p>A Fran\u00e7a es fa servir el terme <em>artes\u00e0 d\u2019art<\/em>, ja que el vincle amb la t\u00e8cnica continua sent primordial. Tampoc treballem molt el concepte. All\u00f2 que ens guia i ens empeny a millorar constantment les nostres t\u00e8cniques, \u00e9s la forma i l\u2019est\u00e8tica.<\/p>\n<p><strong> Creieu que l\u2019artesania en fibres vegetals viu un bon moment?<\/strong><\/p>\n<p>No en treiem res de pensar que abans tot era millor.\u00a0Nosaltres treballem per donar a con\u00e8ixer el v\u00edmet i mostrar-ne el potencial que t\u00e9 com a material tant des del punt de vista art\u00edstic com de mat\u00e8ria primera per a l\u2019arquitectura i disseny d\u2019una \u00e0mplia gamma d&#8217;objectes. \u00c9s un camp en constant evoluci\u00f3 i futur. La nostra traject\u00f2ria en dona fe: treballem amb galeries, arquitectes, escoles de disseny i fins i tot marques de luxe.<\/p>\n<p><strong> Quins s\u00f3n els vostres reptes de futur?<\/strong><\/p>\n<p><strong>\u00a0<\/strong>Ens encanten els projectes nous, el treball creatiu que s\u2019allibera de la immediatesa i de les limitacions de les vendes. Les resid\u00e8ncies art\u00edstiques o exposicions com la que ara farem al Mas s\u00f3n all\u00f2 que ens condueix a noves peces. Ens agrada canviar les dimensions i tenir una relaci\u00f3 diferent amb els materials. Quan l\u2019objecte \u00e9s m\u00e9s gran que nosaltres \u00e9s m\u00e9s interessant teixir-lo i tamb\u00e9 el p\u00fablic s\u2019enfronta a ell i l\u2019experimenta d\u2019una forma diferent, molt m\u00e9s f\u00edsica que les peces m\u00e9s petites. Aquesta podria ser la nostra seg\u00fcent etapa.<\/p>\n<p style=\"text-align: right;\">Text: Roser Royo | Fotos: Karen Gossart<\/p>\n<\/div><div class=\"fusion-clearfix\"><\/div>\n\n\t\t\t\t\t<\/div>\n\t\t\t\t<\/div><\/div><\/div>\n","protected":false},"excerpt":{"rendered":"","protected":false},"author":4,"featured_media":6733,"comment_status":"open","ping_status":"open","sticky":false,"template":"","format":"standard","meta":{"_uf_show_specific_survey":0,"_uf_disable_surveys":false,"footnotes":""},"categories":[7],"tags":[],"class_list":["post-6732","post","type-post","status-publish","format-standard","has-post-thumbnail","hentry","category-noticies"],"_links":{"self":[{"href":"https:\/\/cdrmuseudelapauma.cat\/worpre\/wp-json\/wp\/v2\/posts\/6732","targetHints":{"allow":["GET"]}}],"collection":[{"href":"https:\/\/cdrmuseudelapauma.cat\/worpre\/wp-json\/wp\/v2\/posts"}],"about":[{"href":"https:\/\/cdrmuseudelapauma.cat\/worpre\/wp-json\/wp\/v2\/types\/post"}],"author":[{"embeddable":true,"href":"https:\/\/cdrmuseudelapauma.cat\/worpre\/wp-json\/wp\/v2\/users\/4"}],"replies":[{"embeddable":true,"href":"https:\/\/cdrmuseudelapauma.cat\/worpre\/wp-json\/wp\/v2\/comments?post=6732"}],"version-history":[{"count":7,"href":"https:\/\/cdrmuseudelapauma.cat\/worpre\/wp-json\/wp\/v2\/posts\/6732\/revisions"}],"predecessor-version":[{"id":6767,"href":"https:\/\/cdrmuseudelapauma.cat\/worpre\/wp-json\/wp\/v2\/posts\/6732\/revisions\/6767"}],"wp:featuredmedia":[{"embeddable":true,"href":"https:\/\/cdrmuseudelapauma.cat\/worpre\/wp-json\/wp\/v2\/media\/6733"}],"wp:attachment":[{"href":"https:\/\/cdrmuseudelapauma.cat\/worpre\/wp-json\/wp\/v2\/media?parent=6732"}],"wp:term":[{"taxonomy":"category","embeddable":true,"href":"https:\/\/cdrmuseudelapauma.cat\/worpre\/wp-json\/wp\/v2\/categories?post=6732"},{"taxonomy":"post_tag","embeddable":true,"href":"https:\/\/cdrmuseudelapauma.cat\/worpre\/wp-json\/wp\/v2\/tags?post=6732"}],"curies":[{"name":"wp","href":"https:\/\/api.w.org\/{rel}","templated":true}]}}