{"id":6823,"date":"2023-12-18T10:00:06","date_gmt":"2023-12-18T08:00:06","guid":{"rendered":"https:\/\/cdrmuseudelapauma.cat\/worpre\/?p=6823"},"modified":"2023-12-18T12:53:47","modified_gmt":"2023-12-18T10:53:47","slug":"spirales-o-immersio-al-vimet","status":"publish","type":"post","link":"https:\/\/cdrmuseudelapauma.cat\/worpre\/spirales-o-immersio-al-vimet\/","title":{"rendered":"Spirales o immersi\u00f3 al v\u00edmet"},"content":{"rendered":"<div class=\"fusion-fullwidth fullwidth-box nonhundred-percent-fullwidth non-hundred-percent-height-scrolling\"  style='background-color: #ffffff;background-position: center center;background-repeat: no-repeat;padding-top:0px;padding-right:0px;padding-bottom:0px;padding-left:0px;'><div class=\"fusion-builder-row fusion-row \"><div  class=\"fusion-layout-column fusion_builder_column fusion_builder_column_1_1  fusion-one-full fusion-column-first fusion-column-last 1_1\"  style='margin-top:0px;margin-bottom:20px;'>\n\t\t\t\t\t<div class=\"fusion-column-wrapper\" style=\"padding: 0px 0px 0px 0px;background-position:left top;background-repeat:no-repeat;-webkit-background-size:cover;-moz-background-size:cover;-o-background-size:cover;background-size:cover;\"  data-bg-url=\"\">\n\t\t\t\t\t\t<div class=\"imageframe-align-center\"><span style=\"max-width:100%;\" class=\"fusion-imageframe imageframe-none imageframe-1 hover-type-none\"><img loading=\"lazy\" decoding=\"async\" src=\"https:\/\/cdrmuseudelapauma.cat\/worpre\/wp-content\/uploads\/2023\/12\/muntatge-spirales-web.jpg\" width=\"3000\" height=\"900\" alt=\"\" title=\"muntatge spirales web\" class=\"img-responsive wp-image-6824\" srcset=\"https:\/\/cdrmuseudelapauma.cat\/worpre\/wp-content\/uploads\/2023\/12\/muntatge-spirales-web-200x60.jpg 200w, https:\/\/cdrmuseudelapauma.cat\/worpre\/wp-content\/uploads\/2023\/12\/muntatge-spirales-web-400x120.jpg 400w, https:\/\/cdrmuseudelapauma.cat\/worpre\/wp-content\/uploads\/2023\/12\/muntatge-spirales-web-600x180.jpg 600w, https:\/\/cdrmuseudelapauma.cat\/worpre\/wp-content\/uploads\/2023\/12\/muntatge-spirales-web-800x240.jpg 800w, https:\/\/cdrmuseudelapauma.cat\/worpre\/wp-content\/uploads\/2023\/12\/muntatge-spirales-web-1200x360.jpg 1200w, https:\/\/cdrmuseudelapauma.cat\/worpre\/wp-content\/uploads\/2023\/12\/muntatge-spirales-web.jpg 3000w\" sizes=\"auto, (max-width: 1120px) 100vw, 1200px\" \/><\/span><\/div><div class=\"fusion-clearfix\"><\/div>\n\n\t\t\t\t\t<\/div>\n\t\t\t\t<\/div><\/div><\/div><div class=\"fusion-fullwidth fullwidth-box nonhundred-percent-fullwidth non-hundred-percent-height-scrolling\"  style='background-color: #ffffff;background-position: center center;background-repeat: no-repeat;padding-top:0px;padding-right:30px;padding-bottom:0px;padding-left:30px;'><div class=\"fusion-builder-row fusion-row \"><div  class=\"fusion-layout-column fusion_builder_column fusion_builder_column_1_1  fusion-one-full fusion-column-first fusion-column-last 1_1\"  style='margin-top:0px;margin-bottom:20px;'>\n\t\t\t\t\t<div class=\"fusion-column-wrapper\" style=\"padding: 0px 0px 0px 0px;background-position:left top;background-repeat:no-repeat;-webkit-background-size:cover;-moz-background-size:cover;-o-background-size:cover;background-size:cover;\"  data-bg-url=\"\">\n\t\t\t\t\t\t<div class=\"fusion-text\"><p>El Museu de la Pauma va inaugurar el passat mes de novembre <em>Spirales<\/em>, una exposici\u00f3 de producci\u00f3 pr\u00f2pia que recull el treball i el projecte vital i professional de dos artesans de l\u2019art francesos, <a href=\"https:\/\/cdrmuseudelapauma.cat\/worpre\/entrevista-a-corentin-laval-i-karen-gossart\/\" target=\"_blank\" rel=\"noopener\">Corentine Laval i Karen Gossart<\/a>. Desenes de persones van estar presents a l\u2019acte inaugural en qu\u00e8 els artistes van explicar el seu vincle amb el Museu que arranca del 2014 quan van prendre part per primera vegada a la Fira de les Fibres Vegetals i que es va consolidar el 2020 amb la seua participaci\u00f3 en l\u2019exposici\u00f3 de cistelleria europea<strong><em> Lookout<\/em><\/strong>, comissariada per M\u00f2nica Guilera i Tim Johnson.<\/p>\n<p><em>Spirales<\/em>, que es podr\u00e0 visitar al Museu de la Pauma fins al 18 d\u2019octubre del 2024, inclou una trentena de peces, moltes d\u2019elles creades a quatre mans, que tenen com a denominador com\u00fa la mat\u00e8ria primera, el v\u00edmet, i el fet d\u2019haver estar realitzades amb la t\u00e8cnica del bouyricou o teixit en espiral que Corentin Laval va aprendre fa m\u00e9s de quinze anys d\u2019un artes\u00e0 de la zona del P\u00e9rigord, al sud-oest de Fran\u00e7a. Es tracta d\u2019una t\u00e8cnica ancestral que tots dos artistes han portat al terreny contemporani i que duen molts anys treballant per crear tot tipus de peces i objectes que fusionen artesania i art contemporani. Com ells mateixos expliquen, parteixen de la tradici\u00f3 d\u2019una t\u00e8cnica molt arrelada a un territori concret i en connexi\u00f3 amb els gestos intemporals i universals i els perpetuen cap al futur, integrant la cistelleria dins l\u2019artesania i l\u2019expressi\u00f3 creativa.<\/p>\n<p>Entre les peces que es poden veure al Museu de la Pauma hi ha mandales, engranatges, escultures planes de paret i figures amb volum. Algunes peces s\u00f3n de gran format i han perm\u00e8s crear una atmosfera immersiva que en alguns punts de la sala pot recordar el fons oce\u00e0nic. De fet, algunes de les estructures teixides pengen del sostre com si fossin algues, corall o anemones. \u201cEns agrada experimentar amb peces grans per establir relacions diferents amb el p\u00fablic\u201d, assenyala Karen Gossart qui tamb\u00e9 precisa que una de les fonts d\u2019inspiraci\u00f3 m\u00e9s importants del seu treball \u00e9s la natura.<\/p>\n<p>A banda de les peces, treballades amb una gran qualitat t\u00e8cnica, l\u2019exposici\u00f3 tamb\u00e9 explica en paraules de l\u2019artista Tim Johnson les especificitats del teixit en espiral i els indrets i materials on i amb qu\u00e8 es fa servir, aix\u00ed com tamb\u00e9 el projecte que el 2012 Laval i Gossart van impulsar a Fran\u00e7a: <a href=\"https:\/\/www.oseraiedelile.com\/\">L\u2019oseraie de l\u2019\u00eele<\/a>, una finca situada a la vall del Garona, on des de fa m\u00e9s de 300 anys es conrea v\u00edmet vinculat al conreu vitivin\u00edcola de Bourdeus, Sauternes i Graves, ja que es feia servir aquesta fibra per lligar els ceps i tamb\u00e9 els c\u00e8rcols de les botes bordelesses. En la seua finca conreen m\u00e9s d\u2019una vintena d\u2019esp\u00e8cies de v\u00edmet diferents el que els permet experimentar amb diferents colors i textures en funci\u00f3 del que vulguin aconseguir.<\/p>\n<p>L\u2019exposici\u00f3, produ\u00efda per l\u2019Ajuntament de Mas de Barberans, ha estat coordinada per Pepa Subirats, t\u00e8cnica del Museu i el disseny gr\u00e0fic ha anat a c\u00e0rrec de Carme Pons que ha explorat al m\u00e0xim les possibilitats de l\u2019espiral en el grafisme.<\/p>\n<p style=\"text-align: right;\">Text i fotos: Roser Royo<\/p>\n<\/div><div class=\"fusion-clearfix\"><\/div>\n\n\t\t\t\t\t<\/div>\n\t\t\t\t<\/div><\/div><\/div>\n","protected":false},"excerpt":{"rendered":"","protected":false},"author":4,"featured_media":6824,"comment_status":"open","ping_status":"open","sticky":false,"template":"","format":"standard","meta":{"_uf_show_specific_survey":0,"_uf_disable_surveys":false,"footnotes":""},"categories":[7],"tags":[],"class_list":["post-6823","post","type-post","status-publish","format-standard","has-post-thumbnail","hentry","category-noticies"],"_links":{"self":[{"href":"https:\/\/cdrmuseudelapauma.cat\/worpre\/wp-json\/wp\/v2\/posts\/6823","targetHints":{"allow":["GET"]}}],"collection":[{"href":"https:\/\/cdrmuseudelapauma.cat\/worpre\/wp-json\/wp\/v2\/posts"}],"about":[{"href":"https:\/\/cdrmuseudelapauma.cat\/worpre\/wp-json\/wp\/v2\/types\/post"}],"author":[{"embeddable":true,"href":"https:\/\/cdrmuseudelapauma.cat\/worpre\/wp-json\/wp\/v2\/users\/4"}],"replies":[{"embeddable":true,"href":"https:\/\/cdrmuseudelapauma.cat\/worpre\/wp-json\/wp\/v2\/comments?post=6823"}],"version-history":[{"count":1,"href":"https:\/\/cdrmuseudelapauma.cat\/worpre\/wp-json\/wp\/v2\/posts\/6823\/revisions"}],"predecessor-version":[{"id":6825,"href":"https:\/\/cdrmuseudelapauma.cat\/worpre\/wp-json\/wp\/v2\/posts\/6823\/revisions\/6825"}],"wp:featuredmedia":[{"embeddable":true,"href":"https:\/\/cdrmuseudelapauma.cat\/worpre\/wp-json\/wp\/v2\/media\/6824"}],"wp:attachment":[{"href":"https:\/\/cdrmuseudelapauma.cat\/worpre\/wp-json\/wp\/v2\/media?parent=6823"}],"wp:term":[{"taxonomy":"category","embeddable":true,"href":"https:\/\/cdrmuseudelapauma.cat\/worpre\/wp-json\/wp\/v2\/categories?post=6823"},{"taxonomy":"post_tag","embeddable":true,"href":"https:\/\/cdrmuseudelapauma.cat\/worpre\/wp-json\/wp\/v2\/tags?post=6823"}],"curies":[{"name":"wp","href":"https:\/\/api.w.org\/{rel}","templated":true}]}}