{"id":7530,"date":"2024-07-24T10:07:06","date_gmt":"2024-07-24T08:07:06","guid":{"rendered":"https:\/\/cdrmuseudelapauma.cat\/worpre\/?p=7530"},"modified":"2024-07-25T09:10:25","modified_gmt":"2024-07-25T07:10:25","slug":"ebre-art-patrimoni-de-ceramica","status":"publish","type":"post","link":"https:\/\/cdrmuseudelapauma.cat\/worpre\/ebre-art-patrimoni-de-ceramica\/","title":{"rendered":"Ebre Art &#038; Patrimoni de cer\u00e0mica"},"content":{"rendered":"<div class=\"fusion-fullwidth fullwidth-box nonhundred-percent-fullwidth non-hundred-percent-height-scrolling\"  style='background-color: #ffffff;background-position: center center;background-repeat: no-repeat;padding-top:0px;padding-right:0px;padding-bottom:0px;padding-left:0px;'><div class=\"fusion-builder-row fusion-row \"><div  class=\"fusion-layout-column fusion_builder_column fusion_builder_column_1_1  fusion-one-full fusion-column-first fusion-column-last 1_1\"  style='margin-top:0px;margin-bottom:20px;'>\n\t\t\t\t\t<div class=\"fusion-column-wrapper\" style=\"padding: 0px 0px 0px 0px;background-position:left top;background-repeat:no-repeat;-webkit-background-size:cover;-moz-background-size:cover;-o-background-size:cover;background-size:cover;\"  data-bg-url=\"\">\n\t\t\t\t\t\t<div class=\"imageframe-align-center\"><span style=\"max-width:100%;\" class=\"fusion-imageframe imageframe-none imageframe-1 hover-type-none\"><img loading=\"lazy\" decoding=\"async\" src=\"https:\/\/cdrmuseudelapauma.cat\/worpre\/wp-content\/uploads\/2024\/07\/art-web.jpg\" width=\"3000\" height=\"897\" alt=\"\" title=\"art web\" class=\"img-responsive wp-image-7531\" srcset=\"https:\/\/cdrmuseudelapauma.cat\/worpre\/wp-content\/uploads\/2024\/07\/art-web-200x60.jpg 200w, https:\/\/cdrmuseudelapauma.cat\/worpre\/wp-content\/uploads\/2024\/07\/art-web-400x120.jpg 400w, https:\/\/cdrmuseudelapauma.cat\/worpre\/wp-content\/uploads\/2024\/07\/art-web-600x179.jpg 600w, https:\/\/cdrmuseudelapauma.cat\/worpre\/wp-content\/uploads\/2024\/07\/art-web-800x239.jpg 800w, https:\/\/cdrmuseudelapauma.cat\/worpre\/wp-content\/uploads\/2024\/07\/art-web-1200x359.jpg 1200w, https:\/\/cdrmuseudelapauma.cat\/worpre\/wp-content\/uploads\/2024\/07\/art-web.jpg 3000w\" sizes=\"auto, (max-width: 1120px) 100vw, 1200px\" \/><\/span><\/div><div class=\"fusion-clearfix\"><\/div>\n\n\t\t\t\t\t<\/div>\n\t\t\t\t<\/div><\/div><\/div><div class=\"fusion-fullwidth fullwidth-box nonhundred-percent-fullwidth non-hundred-percent-height-scrolling\"  style='background-color: #ffffff;background-position: center center;background-repeat: no-repeat;padding-top:0px;padding-right:30px;padding-bottom:0px;padding-left:30px;'><div class=\"fusion-builder-row fusion-row \"><div  class=\"fusion-layout-column fusion_builder_column fusion_builder_column_1_1  fusion-one-full fusion-column-first fusion-column-last 1_1\"  style='margin-top:0px;margin-bottom:20px;'>\n\t\t\t\t\t<div class=\"fusion-column-wrapper\" style=\"padding: 0px 0px 0px 0px;background-position:left top;background-repeat:no-repeat;-webkit-background-size:cover;-moz-background-size:cover;-o-background-size:cover;background-size:cover;\"  data-bg-url=\"\">\n\t\t\t\t\t\t<div class=\"fusion-text\"><p>El Museu de la Pauma de Mas de Barberans tamb\u00e9 participa en el cicle Ebre Art &amp; Patrimoni que impulsa el Consorci del Museu de les Terres de l\u2019Ebre, amb el suport del Departament de Cultura de la Generalitat de Catalunya i equipaments patrimonials i administracions locals de les Terres de l\u2019Ebre. Aquesta edici\u00f3 porta per t\u00edtol\u00a0<em><strong><a href=\"https:\/\/www.museuterresebre.cat\/doc\/programaEbreArtPatr24.pdf\" target=\"_blank\" rel=\"noopener\">Una mirada a la cer\u00e0mica<\/a><\/strong>\u00a0<\/em>i se centra en aquest material que \u00e9s a la vegada ofici i que, des de temps antics, sempre ha estat present en la quotidianitat de les Terres de l\u2019Ebre fins al punt d\u2019esdevenir tamb\u00e9 patrimoni emocional.<\/p>\n<p>Concretament, en el cas de Mas de Barberans hi haur\u00e0 dos activitats vinculades a aquest cicle: la confer\u00e8ncia <i>Les Cer\u00e0miques del passat i la seva relaci\u00f3 amb les fibres vegetals i el foc, <\/i>a c\u00e0rrec de Marco Pla, el dissabte 3 d\u2019agost a les 18:30 hores; i la demostraci\u00f3 de plat expandit amb textures de fibres vegetals, a c\u00e0rrec de Teresa-Marta Batalla, el diumenge 4 d\u2018agost a la mateixa hora.<\/p>\n<p>El cicle Ebre Art &amp; Patrimoni implica un total de 12 municipis ebrencs: Alcanar, Amposta, Batea, Flix, Godall, la Galera, la R\u00e0pita, Mas de Barberans, M\u00f3ra la Nova, Sant Jaume d\u2019Enveja, Tortosa i Ulldecona. Va comen\u00e7ar el passat 11 de juliol i durar\u00e0 fins al 30 de setembre.<\/p>\n<\/div><div class=\"fusion-clearfix\"><\/div>\n\n\t\t\t\t\t<\/div>\n\t\t\t\t<\/div><\/div><\/div>\n","protected":false},"excerpt":{"rendered":"","protected":false},"author":4,"featured_media":7531,"comment_status":"open","ping_status":"open","sticky":false,"template":"","format":"standard","meta":{"_uf_show_specific_survey":0,"_uf_disable_surveys":false,"footnotes":""},"categories":[7],"tags":[],"class_list":["post-7530","post","type-post","status-publish","format-standard","has-post-thumbnail","hentry","category-noticies"],"_links":{"self":[{"href":"https:\/\/cdrmuseudelapauma.cat\/worpre\/wp-json\/wp\/v2\/posts\/7530","targetHints":{"allow":["GET"]}}],"collection":[{"href":"https:\/\/cdrmuseudelapauma.cat\/worpre\/wp-json\/wp\/v2\/posts"}],"about":[{"href":"https:\/\/cdrmuseudelapauma.cat\/worpre\/wp-json\/wp\/v2\/types\/post"}],"author":[{"embeddable":true,"href":"https:\/\/cdrmuseudelapauma.cat\/worpre\/wp-json\/wp\/v2\/users\/4"}],"replies":[{"embeddable":true,"href":"https:\/\/cdrmuseudelapauma.cat\/worpre\/wp-json\/wp\/v2\/comments?post=7530"}],"version-history":[{"count":2,"href":"https:\/\/cdrmuseudelapauma.cat\/worpre\/wp-json\/wp\/v2\/posts\/7530\/revisions"}],"predecessor-version":[{"id":7533,"href":"https:\/\/cdrmuseudelapauma.cat\/worpre\/wp-json\/wp\/v2\/posts\/7530\/revisions\/7533"}],"wp:featuredmedia":[{"embeddable":true,"href":"https:\/\/cdrmuseudelapauma.cat\/worpre\/wp-json\/wp\/v2\/media\/7531"}],"wp:attachment":[{"href":"https:\/\/cdrmuseudelapauma.cat\/worpre\/wp-json\/wp\/v2\/media?parent=7530"}],"wp:term":[{"taxonomy":"category","embeddable":true,"href":"https:\/\/cdrmuseudelapauma.cat\/worpre\/wp-json\/wp\/v2\/categories?post=7530"},{"taxonomy":"post_tag","embeddable":true,"href":"https:\/\/cdrmuseudelapauma.cat\/worpre\/wp-json\/wp\/v2\/tags?post=7530"}],"curies":[{"name":"wp","href":"https:\/\/api.w.org\/{rel}","templated":true}]}}