{"id":7777,"date":"2024-12-12T10:13:40","date_gmt":"2024-12-12T08:13:40","guid":{"rendered":"https:\/\/cdrmuseudelapauma.cat\/worpre\/?p=7777"},"modified":"2025-03-31T20:00:46","modified_gmt":"2025-03-31T18:00:46","slug":"creativitat-i-fibres-vegetals","status":"publish","type":"post","link":"https:\/\/cdrmuseudelapauma.cat\/worpre\/creativitat-i-fibres-vegetals\/","title":{"rendered":"Creativitat i fibres vegetals"},"content":{"rendered":"<div class=\"fusion-fullwidth fullwidth-box nonhundred-percent-fullwidth non-hundred-percent-height-scrolling\"  style='background-color: #ffffff;background-position: center center;background-repeat: no-repeat;padding-top:0px;padding-right:0px;padding-bottom:0px;padding-left:0px;'>\n<div class=\"fusion-builder-row fusion-row \">\n<div  class=\"fusion-layout-column fusion_builder_column fusion_builder_column_1_1  fusion-one-full fusion-column-first fusion-column-last 1_1\"  style='margin-top:0px;margin-bottom:20px;'>\n\t\t\t\t\t<div class=\"fusion-column-wrapper\" style=\"padding: 0px 0px 0px 0px;background-position:left top;background-repeat:no-repeat;-webkit-background-size:cover;-moz-background-size:cover;-o-background-size:cover;background-size:cover;\"  data-bg-url=\"\">\n\t\t\t\t\t\t\n<div class=\"imageframe-align-center\"><span style=\"max-width:100%;\" class=\"fusion-imageframe imageframe-none imageframe-1 hover-type-none\"><img loading=\"lazy\" decoding=\"async\" src=\"https:\/\/cdrmuseudelapauma.cat\/worpre\/wp-content\/uploads\/2024\/12\/programacio-web.jpg\" width=\"1000\" height=\"300\" alt=\"\" title=\"programacio web\" class=\"img-responsive wp-image-7778\" srcset=\"https:\/\/cdrmuseudelapauma.cat\/worpre\/wp-content\/uploads\/2024\/12\/programacio-web-200x60.jpg 200w, https:\/\/cdrmuseudelapauma.cat\/worpre\/wp-content\/uploads\/2024\/12\/programacio-web-400x120.jpg 400w, https:\/\/cdrmuseudelapauma.cat\/worpre\/wp-content\/uploads\/2024\/12\/programacio-web-600x180.jpg 600w, https:\/\/cdrmuseudelapauma.cat\/worpre\/wp-content\/uploads\/2024\/12\/programacio-web-800x240.jpg 800w, https:\/\/cdrmuseudelapauma.cat\/worpre\/wp-content\/uploads\/2024\/12\/programacio-web.jpg 1000w\" sizes=\"auto, (max-width: 1120px) 100vw, 1000px\" \/><\/span><\/div>\n<div class=\"fusion-clearfix\"><\/div>\n\n\t\t\t\t\t<\/div>\n\t\t\t\t<\/div>\n<\/div>\n<\/div>\n<div class=\"fusion-fullwidth fullwidth-box nonhundred-percent-fullwidth non-hundred-percent-height-scrolling\"  style='background-color: #ffffff;background-position: center center;background-repeat: no-repeat;padding-top:0px;padding-right:30px;padding-bottom:0px;padding-left:30px;'><div class=\"fusion-builder-row fusion-row \"><div  class=\"fusion-layout-column fusion_builder_column fusion_builder_column_1_1  fusion-one-full fusion-column-first fusion-column-last 1_1\"  style='margin-top:0px;margin-bottom:20px;'>\n\t\t\t\t\t<div class=\"fusion-column-wrapper\" style=\"padding: 0px 0px 0px 0px;background-position:left top;background-repeat:no-repeat;-webkit-background-size:cover;-moz-background-size:cover;-o-background-size:cover;background-size:cover;\"  data-bg-url=\"\">\n\t\t\t\t\t\t<div class=\"fusion-text\"><p><span style=\"font-weight: 400;\">Estem a les portes del 2025 i com no podia ser d\u2019altra manera el <strong>Centre de Desenvolupament Rural Museu de la Pauma de Mas de Barberans<\/strong> ja t\u00e9 enllestida la programaci\u00f3 anual. En total s\u2019han programat deu tallers al llarg de tot el 2025 als quals cal sumar els set tallers quinzenals d\u2019<em>A llatar<\/em> i dos monogr\u00e0fics d\u2019<em>A llatar a la carta<\/em> que impartiran les artesanes d\u2019Artpauma.\u00a0<\/span>\n<p><span style=\"font-weight: 400;\">La diversitat de t\u00e8cniques i materials continua sent el criteri a l\u2019hora d\u2019organitzar els tallers, aix\u00ed com la combinaci\u00f3 de peces tradicionals i contempor\u00e0nies. Aquest 2025 el comen\u00e7arem amb un tap\u00eds de fibres vegetals que apel\u00b7la la creativitat dels participants. L\u2019impartir\u00e0 l\u2019artesana Marisa Huguet que oferir\u00e0 diverses fibres vegetals per elaborar-lo: pita, iute, rafia, c\u00e0nem i cot\u00f3, i cadasc\u00fa podr\u00e0 triar les que vulgui, de manera que els resultats prometen ser molt diversos.<\/span><\/p>\n<p><span style=\"font-weight: 400;\">Un llum fet amb tires de ratan a c\u00e0rrec de Marta Penina ser\u00e0 una altra de les peces que juguen amb la innovaci\u00f3. El seguiran l\u2019elaboraci\u00f3 d\u2019altres elements m\u00e9s tradicionals com la garrafa folrada amb v\u00edmet i <\/span><span style=\"font-weight: 400;\">canya<\/span><span style=\"font-weight: 400;\"> per part de Pau Trepat; la cistella d\u2019espart cru d\u2019Espartos Manolito o la cargolera de vimet de Joan Farr\u00e9.<\/span><\/p>\n<p><span style=\"font-weight: 400;\">Menci\u00f3 especial mereixen els quatre tallers del Fibrescampus que enguany aposta per la cistelleria francesa ja que dos dels cursos els impartiran els cistellers francesos Thomas Louineau i Philippe Chastenet. El primer ensenyar\u00e0 com bastir un recipient contemporani a trav\u00e9s d&#8217;una t\u00e8cnica de trenat an\u00e0rquic inspirada en els nius dels ocells. Per contra, el segon aposta per una pe\u00e7a tradicional: una\u00a0<\/span><i><span style=\"font-weight: 400;\">Toilette Marseillaise, <\/span><\/i><span style=\"font-weight: 400;\">una cistella de forma rectangular feta de v\u00edmet que els treballadors feien servir per portar el menjar al lloc de treball i que segons les dimensions tamb\u00e9 es pot usar per transportar animals. En aquest \u00faltim nom\u00e9s s&#8217;hi poden inscriure cistellers professionals.\u00a0<\/span><\/p>\n<p><span style=\"font-weight: 400;\">Els altres dos cursos del Fibrescampus els impartiran Tim Johnson que mostrar\u00e0 com elaborar una cistella de llagostes, una pe\u00e7a que forma part de l\u2019exposici\u00f3 de cistelleria ugandesa <\/span><i><span style=\"font-weight: 400;\">Llates emparentades <\/span><\/i><span style=\"font-weight: 400;\">que s\u2019exhibeix al Museu; i Antonio Rodr\u00edguez que ensenyar\u00e0 com fer una bossa d\u2019una sola pe\u00e7a amb pauma llatada.<\/span><\/p>\n<p><span style=\"font-weight: 400;\">Si enguany l\u2019\u00faltim taller de l\u2019any ha estat el d\u2019elaborar paper, el 2025 ser\u00e0 de gravats vegetals amb motius nadalencs (o no). L\u2019impartir\u00e0 l\u2019artesana Cuca Balaguer i l\u2019objectiu \u00e9s donar a con\u00e8ixer la t\u00e8cnica d\u2019estampaci\u00f3 en paper de fibres vegetals. Ensenyar\u00e0 tots els passos, des de recol\u00b7lectar les plantes fins a l\u2019estampat final.<\/span><\/p>\n<p><span style=\"font-weight: 400;\">Pel que fa als tallers d\u2019A llatar d\u2019Artpauma s\u2019han refor\u00e7at amb dos monogr\u00e0fics a la carta, un a Setmana Santa i l\u2019altre a l\u2019agost,\u00a0 en qu\u00e8 els i les participants podran <\/span><span style=\"font-weight: 400;\">fer la pe\u00e7a que desitgen d&#8217;acord amb el temps de qu\u00e8 disposin i les seues habilitats. Tamb\u00e9 estan pensats per perfeccionar o aprendre t\u00e8cniques noves.<\/span><\/p>\n<p><span style=\"font-weight: 400;\">Podeu consultar el programa en el seg\u00fcent enlla\u00e7. Les inscripcions comencen el <\/span><span style=\"font-weight: 400;\">15 de gener a les 17:00.<\/span><span style=\"font-weight: 400;\"> Una mateixa persona pot inscriure\u2019s com a m\u00e0xim a tres tallers i\u00a0 a A Llatar. <\/span><\/p>\n<\/div><div class=\"fusion-clearfix\"><\/div>\n\n\t\t\t\t\t<\/div>\n\t\t\t\t<\/div><\/div><\/div>\n","protected":false},"excerpt":{"rendered":"","protected":false},"author":4,"featured_media":7778,"comment_status":"open","ping_status":"open","sticky":false,"template":"","format":"standard","meta":{"_uf_show_specific_survey":0,"_uf_disable_surveys":false,"footnotes":""},"categories":[7],"tags":[],"class_list":["post-7777","post","type-post","status-publish","format-standard","has-post-thumbnail","hentry","category-noticies"],"_links":{"self":[{"href":"https:\/\/cdrmuseudelapauma.cat\/worpre\/wp-json\/wp\/v2\/posts\/7777","targetHints":{"allow":["GET"]}}],"collection":[{"href":"https:\/\/cdrmuseudelapauma.cat\/worpre\/wp-json\/wp\/v2\/posts"}],"about":[{"href":"https:\/\/cdrmuseudelapauma.cat\/worpre\/wp-json\/wp\/v2\/types\/post"}],"author":[{"embeddable":true,"href":"https:\/\/cdrmuseudelapauma.cat\/worpre\/wp-json\/wp\/v2\/users\/4"}],"replies":[{"embeddable":true,"href":"https:\/\/cdrmuseudelapauma.cat\/worpre\/wp-json\/wp\/v2\/comments?post=7777"}],"version-history":[{"count":6,"href":"https:\/\/cdrmuseudelapauma.cat\/worpre\/wp-json\/wp\/v2\/posts\/7777\/revisions"}],"predecessor-version":[{"id":7894,"href":"https:\/\/cdrmuseudelapauma.cat\/worpre\/wp-json\/wp\/v2\/posts\/7777\/revisions\/7894"}],"wp:featuredmedia":[{"embeddable":true,"href":"https:\/\/cdrmuseudelapauma.cat\/worpre\/wp-json\/wp\/v2\/media\/7778"}],"wp:attachment":[{"href":"https:\/\/cdrmuseudelapauma.cat\/worpre\/wp-json\/wp\/v2\/media?parent=7777"}],"wp:term":[{"taxonomy":"category","embeddable":true,"href":"https:\/\/cdrmuseudelapauma.cat\/worpre\/wp-json\/wp\/v2\/categories?post=7777"},{"taxonomy":"post_tag","embeddable":true,"href":"https:\/\/cdrmuseudelapauma.cat\/worpre\/wp-json\/wp\/v2\/tags?post=7777"}],"curies":[{"name":"wp","href":"https:\/\/api.w.org\/{rel}","templated":true}]}}