{"id":82,"date":"2011-10-25T08:42:42","date_gmt":"2011-10-25T08:42:42","guid":{"rendered":"http:\/\/cdrmuseudelapauma.cat\/worpre\/joieria\/"},"modified":"2017-04-13T00:17:15","modified_gmt":"2017-04-13T00:17:15","slug":"joieria","status":"publish","type":"post","link":"https:\/\/cdrmuseudelapauma.cat\/worpre\/joieria\/","title":{"rendered":"Joieria"},"content":{"rendered":"<p> \tTenim una l\u00ednia de joieria en plata i pauma:<\/p>\n<p> \t<img loading=\"lazy\" decoding=\"async\" class=\" size-full wp-image-81\" alt=\"alt\" src=\"http:\/\/cdrmuseudelapauma.cat\/worpre\/wp-content\/uploads\/2011\/10\/fotos_web_bolesnegres.jpg\" width=\"560\" height=\"100\" srcset=\"https:\/\/cdrmuseudelapauma.cat\/worpre\/wp-content\/uploads\/2011\/10\/fotos_web_bolesnegres-300x54.jpg 300w, https:\/\/cdrmuseudelapauma.cat\/worpre\/wp-content\/uploads\/2011\/10\/fotos_web_bolesnegres.jpg 560w\" sizes=\"auto, (max-width: 560px) 100vw, 560px\" \/><\/p>\n<ul>\n<li> \t\tAnells<\/li>\n<li> \t\tCollars<\/li>\n<li> \t\tPolseres<\/li>\n<li> \t\tArracades<\/li>\n<\/ul>\n<p> \tDins del projecte Oficis Singulars cofinan\u00e7at per l&#8217;ajuntament de Mas de Barberans i Artesania de Catalunya hi ha el projecte la Pauma a les Terres de l&#8217;Ebre. De la col.laboraci\u00f3 entre el col.lectiu d&#8217;artesanes de la Pauma de Mas de Barberans i la joiera ampostina: Sara Dom\u00e8nech va sorgir una col.lecci\u00f3 que va donar lloc a una exposici\u00f3.<\/p>\n<p> \tL&#8217;exposici\u00f3 encara es pot veure al Museu de la Pauma, les peces es poden comprar al mateix museu o a la joieria que t\u00e9 Sara Dom\u00e8nech a Amposta.<\/p>\n<p> \tEs poden veure les peces i els preus al pdf adjunt.<\/p>\n<p> \t\u00a0<\/p>\n","protected":false},"excerpt":{"rendered":"<p>Tenim una l\u00ednia de joieria en plata i pauma: Anells [&hellip;]<\/p>\n","protected":false},"author":1,"featured_media":81,"comment_status":"closed","ping_status":"closed","sticky":false,"template":"","format":"standard","meta":{"_uf_show_specific_survey":0,"_uf_disable_surveys":false,"footnotes":""},"categories":[7],"tags":[],"class_list":["post-82","post","type-post","status-publish","format-standard","has-post-thumbnail","hentry","category-noticies"],"_links":{"self":[{"href":"https:\/\/cdrmuseudelapauma.cat\/worpre\/wp-json\/wp\/v2\/posts\/82","targetHints":{"allow":["GET"]}}],"collection":[{"href":"https:\/\/cdrmuseudelapauma.cat\/worpre\/wp-json\/wp\/v2\/posts"}],"about":[{"href":"https:\/\/cdrmuseudelapauma.cat\/worpre\/wp-json\/wp\/v2\/types\/post"}],"author":[{"embeddable":true,"href":"https:\/\/cdrmuseudelapauma.cat\/worpre\/wp-json\/wp\/v2\/users\/1"}],"replies":[{"embeddable":true,"href":"https:\/\/cdrmuseudelapauma.cat\/worpre\/wp-json\/wp\/v2\/comments?post=82"}],"version-history":[{"count":1,"href":"https:\/\/cdrmuseudelapauma.cat\/worpre\/wp-json\/wp\/v2\/posts\/82\/revisions"}],"predecessor-version":[{"id":531,"href":"https:\/\/cdrmuseudelapauma.cat\/worpre\/wp-json\/wp\/v2\/posts\/82\/revisions\/531"}],"wp:featuredmedia":[{"embeddable":true,"href":"https:\/\/cdrmuseudelapauma.cat\/worpre\/wp-json\/wp\/v2\/media\/81"}],"wp:attachment":[{"href":"https:\/\/cdrmuseudelapauma.cat\/worpre\/wp-json\/wp\/v2\/media?parent=82"}],"wp:term":[{"taxonomy":"category","embeddable":true,"href":"https:\/\/cdrmuseudelapauma.cat\/worpre\/wp-json\/wp\/v2\/categories?post=82"},{"taxonomy":"post_tag","embeddable":true,"href":"https:\/\/cdrmuseudelapauma.cat\/worpre\/wp-json\/wp\/v2\/tags?post=82"}],"curies":[{"name":"wp","href":"https:\/\/api.w.org\/{rel}","templated":true}]}}