{"id":8221,"date":"2026-03-25T11:04:53","date_gmt":"2026-03-25T09:04:53","guid":{"rendered":"https:\/\/cdrmuseudelapauma.cat\/worpre\/?p=8221"},"modified":"2026-03-25T12:56:45","modified_gmt":"2026-03-25T10:56:45","slug":"atenea-11-ebrenques-de-capcalera","status":"publish","type":"post","link":"https:\/\/cdrmuseudelapauma.cat\/worpre\/atenea-11-ebrenques-de-capcalera\/","title":{"rendered":"Atenea, 11 ebrenques de cap\u00e7alera"},"content":{"rendered":"<p><img loading=\"lazy\" decoding=\"async\" class=\"aligncenter size-full wp-image-8222\" src=\"https:\/\/cdrmuseudelapauma.cat\/worpre\/wp-content\/uploads\/2026\/03\/Atenea-web.jpg\" alt=\"\" width=\"999\" height=\"300\" srcset=\"https:\/\/cdrmuseudelapauma.cat\/worpre\/wp-content\/uploads\/2026\/03\/Atenea-web-200x60.jpg 200w, https:\/\/cdrmuseudelapauma.cat\/worpre\/wp-content\/uploads\/2026\/03\/Atenea-web-300x90.jpg 300w, https:\/\/cdrmuseudelapauma.cat\/worpre\/wp-content\/uploads\/2026\/03\/Atenea-web-400x120.jpg 400w, https:\/\/cdrmuseudelapauma.cat\/worpre\/wp-content\/uploads\/2026\/03\/Atenea-web-600x180.jpg 600w, https:\/\/cdrmuseudelapauma.cat\/worpre\/wp-content\/uploads\/2026\/03\/Atenea-web-768x231.jpg 768w, https:\/\/cdrmuseudelapauma.cat\/worpre\/wp-content\/uploads\/2026\/03\/Atenea-web-800x240.jpg 800w, https:\/\/cdrmuseudelapauma.cat\/worpre\/wp-content\/uploads\/2026\/03\/Atenea-web.jpg 999w\" sizes=\"auto, (max-width: 999px) 100vw, 999px\" \/><\/p>\n<p><span style=\"font-weight: 400;\">Coincidint amb les Festes Majors de Mas de Barberans, el Museu de la Pauma acollir\u00e0 l\u2019exposici\u00f3 <\/span><i><span style=\"font-weight: 400;\">Atenea. Dones gestores del canvi, motor d\u2019oportunitats rurals.\u00a0 <\/span><\/i><span style=\"font-weight: 400;\">Una mostra que vol visibilitzar el paper de la dona en el m\u00f3n rural i ho fa partir d\u2019onze dones del territori que treballen o han treballat en \u00e0mbits tan diversos com la salut, la cultura, el camp, la gastronomia o l\u2019artesania. De fet, una de les protagonistes \u00e9s l\u2019artesana del Museu, Magda Armengol.<\/span><\/p>\n<p><span style=\"font-weight: 400;\">Aquesta exposici\u00f3, que al Mas es podr\u00e0 visitar del 18 al 30 d&#8217;abril, \u00e9s un dels primers fruits del projecte de cooperaci\u00f3 LEADER que lidera el Consorci per al Desenvolupament del Baix Ebre i Montsi\u00e0 i que t\u00e9 com a principals objectius visibilitzar, comprendre i refor\u00e7ar el paper de les dones que viuen i treballen a l\u2019entorn rural de Catalunya.<\/span><\/p>\n<p><span style=\"font-weight: 400;\">L&#8217;exposici\u00f3 ha agafat el nom d\u2019Atenena, la deessa grega de la saviesa, l\u2019estrat\u00e8gia, l\u2019artesania i la just\u00edcia i es va presentar el <\/span><span style=\"font-weight: 400;\">10 d\u2019octubre a la Biblioteca Sebasti\u00e0 Juan Arb\u00f3, d\u2019Amposta. S\u2019ha vist tamb\u00e9 a Santa B\u00e0rbara i Godall, mentre que al Mas es podr\u00e0 visitar del 18 al 30 d\u2019abril.<\/span><\/p>\n<p><span style=\"font-weight: 400;\">La mostra s\u2019estructura en 8 panells de cartr\u00f3 que inclouen una fotografia i un text sobre les 11 dones que han participat en el projecte. A banda de l\u2019artesana del Museu, hi ha tamb\u00e9 la llevadora Montse Gaspar\u00edn; l\u2019ocean\u00f2grafa Eli Bonfill; la pagesa i pescadora Marcela Otamendi; la que va ser durant d\u00e8cades bibliotec\u00e0ria d\u2019Amposta, Joana Serret; la directora del Fablab Terres de l\u2019Ebre, Lala Escriv\u00e0; la tamb\u00e9 pagesa i durant m\u00e9s de 30 anys treballadora de la Cooperativa de Godall, Casimira Subirats; l\u2019escultora hiperrealista especialitzada en efectes especials, Cristina Jobs; les cuineres Esther Roca i Imma Boria Llansola; i la periodista especialitzada en artesania, Maite Mestre.<\/span><\/p>\n<p><span style=\"font-weight: 400;\">Per tal de realitzar la mostra s\u2019ha contactat amb 25 dones del territori i s\u2019han fet 11 entrevistes, 11 reportatges fotogr\u00e0fics i 12 v\u00eddeos,<\/span><span style=\"font-weight: 400;\"> un per cada dona i un de global del projecte<\/span><span style=\"font-weight: 400;\">. A l\u2019exposici\u00f3 del Mas es podran veure el globlal del projecte i el de Magda Armengol.<\/span><\/p>\n<p><span style=\"font-weight: 400;\">Properament,\u00a0 aquesta exposici\u00f3 s&#8217;ampliar\u00e0 amb quatre dones m\u00e9s, dos del Baix Ebre i dos del Montsi\u00e0.<\/span><\/p>\n","protected":false},"excerpt":{"rendered":"<p>Coincidint amb les Festes Majors de Mas de Barberans, el [&hellip;]<\/p>\n","protected":false},"author":4,"featured_media":8222,"comment_status":"open","ping_status":"open","sticky":false,"template":"","format":"standard","meta":{"_uf_show_specific_survey":0,"_uf_disable_surveys":false,"footnotes":""},"categories":[7],"tags":[],"class_list":["post-8221","post","type-post","status-publish","format-standard","has-post-thumbnail","hentry","category-noticies"],"_links":{"self":[{"href":"https:\/\/cdrmuseudelapauma.cat\/worpre\/wp-json\/wp\/v2\/posts\/8221","targetHints":{"allow":["GET"]}}],"collection":[{"href":"https:\/\/cdrmuseudelapauma.cat\/worpre\/wp-json\/wp\/v2\/posts"}],"about":[{"href":"https:\/\/cdrmuseudelapauma.cat\/worpre\/wp-json\/wp\/v2\/types\/post"}],"author":[{"embeddable":true,"href":"https:\/\/cdrmuseudelapauma.cat\/worpre\/wp-json\/wp\/v2\/users\/4"}],"replies":[{"embeddable":true,"href":"https:\/\/cdrmuseudelapauma.cat\/worpre\/wp-json\/wp\/v2\/comments?post=8221"}],"version-history":[{"count":5,"href":"https:\/\/cdrmuseudelapauma.cat\/worpre\/wp-json\/wp\/v2\/posts\/8221\/revisions"}],"predecessor-version":[{"id":8258,"href":"https:\/\/cdrmuseudelapauma.cat\/worpre\/wp-json\/wp\/v2\/posts\/8221\/revisions\/8258"}],"wp:featuredmedia":[{"embeddable":true,"href":"https:\/\/cdrmuseudelapauma.cat\/worpre\/wp-json\/wp\/v2\/media\/8222"}],"wp:attachment":[{"href":"https:\/\/cdrmuseudelapauma.cat\/worpre\/wp-json\/wp\/v2\/media?parent=8221"}],"wp:term":[{"taxonomy":"category","embeddable":true,"href":"https:\/\/cdrmuseudelapauma.cat\/worpre\/wp-json\/wp\/v2\/categories?post=8221"},{"taxonomy":"post_tag","embeddable":true,"href":"https:\/\/cdrmuseudelapauma.cat\/worpre\/wp-json\/wp\/v2\/tags?post=8221"}],"curies":[{"name":"wp","href":"https:\/\/api.w.org\/{rel}","templated":true}]}}