{"id":8226,"date":"2026-03-25T11:40:49","date_gmt":"2026-03-25T09:40:49","guid":{"rendered":"https:\/\/cdrmuseudelapauma.cat\/worpre\/?p=8226"},"modified":"2026-03-25T12:59:27","modified_gmt":"2026-03-25T10:59:27","slug":"un-cataleg-per-a-transitar","status":"publish","type":"post","link":"https:\/\/cdrmuseudelapauma.cat\/worpre\/un-cataleg-per-a-transitar\/","title":{"rendered":"Un cat\u00e0leg per a transitar"},"content":{"rendered":"<p><img loading=\"lazy\" decoding=\"async\" class=\"aligncenter size-full wp-image-8227\" src=\"https:\/\/cdrmuseudelapauma.cat\/worpre\/wp-content\/uploads\/2026\/03\/Desigificcioweb.jpg\" alt=\"\" width=\"1000\" height=\"300\" srcset=\"https:\/\/cdrmuseudelapauma.cat\/worpre\/wp-content\/uploads\/2026\/03\/Desigificcioweb-200x60.jpg 200w, https:\/\/cdrmuseudelapauma.cat\/worpre\/wp-content\/uploads\/2026\/03\/Desigificcioweb-300x90.jpg 300w, https:\/\/cdrmuseudelapauma.cat\/worpre\/wp-content\/uploads\/2026\/03\/Desigificcioweb-400x120.jpg 400w, https:\/\/cdrmuseudelapauma.cat\/worpre\/wp-content\/uploads\/2026\/03\/Desigificcioweb-600x180.jpg 600w, https:\/\/cdrmuseudelapauma.cat\/worpre\/wp-content\/uploads\/2026\/03\/Desigificcioweb-768x230.jpg 768w, https:\/\/cdrmuseudelapauma.cat\/worpre\/wp-content\/uploads\/2026\/03\/Desigificcioweb-800x240.jpg 800w, https:\/\/cdrmuseudelapauma.cat\/worpre\/wp-content\/uploads\/2026\/03\/Desigificcioweb.jpg 1000w\" sizes=\"auto, (max-width: 1000px) 100vw, 1000px\" \/><\/p>\n<p><span style=\"font-weight: 400;\">L\u2019exposici\u00f3 <\/span><b><i>Desig i ficci\u00f3. Una exploraci\u00f3 sensorial i material del margall\u00f3<\/i><\/b><span style=\"font-weight: 400;\">, ja t\u00e9 el seu cat\u00e0leg digital. Com la pr\u00f2pia exposici\u00f3, que es podr\u00e0 visitar al Museu de la Pauma fins al 17 d\u2019octubre d\u2019aquest 2026, \u00e9s un cat\u00e0leg at\u00edpic perqu\u00e8 s\u2019ha dissenyat com un p\u00f2ster a doble cara amb la idea que <\/span><span style=\"font-weight: 400;\">l&#8217;espectador, o en aquest cas el lector, s\u2019hagi de passejar com ho faria per les sales del museu, buscant fotos i noms, mentre llegeix el text.<\/span><span style=\"font-weight: 400;\"> Aix\u00ed ho expliquen les comiss\u00e0ries de l\u2019exposici\u00f3, Sara G. de Ubieta i Cris Noguer, dues creadores que exploren des de fa temps les possibilitats dels materials sostenibles, posant ara el focus en el margall\u00f3.<\/span><\/p>\n<p><span style=\"font-weight: 400;\">El disseny del p\u00f2ster del qual se n&#8217;han fet tres versions: en catal\u00e0, castell\u00e0 i angl\u00e8s, ha anat a c\u00e0rrec de la dissenyadora Carme Pons que l\u2019ha concebut en un format de 50 X 70 cent\u00edmetres i es pot transitar fent clic en els seg\u00fcents enlla\u00e7os: <strong><span style=\"color: #ffcc00;\"><a style=\"color: #ffcc00;\" href=\"https:\/\/cdrmuseudelapauma.cat\/worpre\/wp-content\/uploads\/2026\/03\/Cataleg_desig_ficcio_.pdf\" target=\"_blank\" rel=\"noopener\">versi\u00f3 en catal\u00e0<\/a><\/span><\/strong>, <strong><span style=\"color: #ffcc00;\"><a style=\"color: #ffcc00;\" href=\"https:\/\/cdrmuseudelapauma.cat\/worpre\/wp-content\/uploads\/2026\/03\/Cataleg_deseo_ficcion_.pdf\" target=\"_blank\" rel=\"noopener\">versi\u00f3 en castell\u00e0<\/a><\/span><\/strong> i <strong><span style=\"color: #ffcc00;\"><a style=\"color: #ffcc00;\" href=\"https:\/\/cdrmuseudelapauma.cat\/worpre\/wp-content\/uploads\/2026\/03\/Cataleg_desire_fiction_.pdf\" target=\"_blank\" rel=\"noopener\">versi\u00f3 en angl\u00e8s<\/a><\/span><\/strong>. En una cara, disposada en vertical, es mostren alguns dels frames de la pel\u00b7l\u00edcula que es projecta a la sala d&#8217;exposicions,<a href=\"https:\/\/www.youtube.com\/watch?v=D2RTIGvztJ8\" target=\"_blank\" rel=\"noopener\"><strong> <span style=\"color: #ffcc00;\">un v\u00eddeo po\u00e8tic<\/span> <\/strong><\/a>realitzat per l\u2019artista visual B\u00e0rbara S. Barroso, en el que predominen els pl\u00e0nols exteriors molt tancats per plasmar una mena de ficci\u00f3 futurista a partir de la realitat i evocar el futur arcaic que reivindica la mostra, un futur on les noves tecnologies s\u2019alien amb la tradici\u00f3 i la mem\u00f2ria per fer del m\u00f3n un lloc m\u00e9s habitable i resilient. El text que acompanya aquestes imatges ha estat extret dels assajos sobre la planta que els va compartir el bi\u00f2leg Ugo d\u2019Ambrosio i aborda les idees clau amb qu\u00e8 han treballat les comiss\u00e0ries a l\u2019hora de bastir l\u2019exposici\u00f3 i que remarquen l\u2019estabilitat t\u00e8rmica del material i el seu alt component de cel\u00b7lulosa i lignina, dos elements essencials per garantir la rigidesa, la lleugeresa, la fortalesa i la durabilitat d\u2019una mat\u00e8ria primera.<\/span><\/p>\n<p><span style=\"font-weight: 400;\">L\u2019altra cara del p\u00f2ster, dissenyada en format horitzontal, cont\u00e9 el full de sala i les fotos de les peces de l\u2019exposici\u00f3. Hi apareix clarament la idea de la bossa portadora, una teoria llan\u00e7ada fa m\u00e9s de cinquanta anys per l\u2019autora d\u2019obres de ficci\u00f3 especulativa, <strong>\u00darsula K. Le Guin<\/strong>, que va afirmar que all\u00f2 que va marcar l\u2019evoluci\u00f3 humana va ser la invenci\u00f3 del recipient, un estri que ens permet guardar i transportar coses, com una met\u00e0fora de qu\u00e8 l\u2019acumulaci\u00f3 d\u2019experi\u00e8ncies i la conviv\u00e8ncia \u00e9s el que ens permet avan\u00e7ar, i no la lluita o la dominaci\u00f3. Una idea que lliga amb l\u2019ofici de la pauma que resisteix a l\u2019arrasadora l\u00f2gica del capital, com el margall\u00f3 que tamb\u00e9 \u00e9s una planta resilient als incendis o als efectes del canvi clim\u00e0tic i amb un futur que pot anar m\u00e9s enll\u00e0 de l\u2019artesania tradicional.<\/span><\/p>\n\n","protected":false},"excerpt":{"rendered":"<p>L\u2019exposici\u00f3 Desig i ficci\u00f3. Una exploraci\u00f3 sensorial i material del [&hellip;]<\/p>\n","protected":false},"author":4,"featured_media":8227,"comment_status":"open","ping_status":"open","sticky":false,"template":"","format":"standard","meta":{"_uf_show_specific_survey":0,"_uf_disable_surveys":false,"footnotes":""},"categories":[7],"tags":[],"class_list":["post-8226","post","type-post","status-publish","format-standard","has-post-thumbnail","hentry","category-noticies"],"_links":{"self":[{"href":"https:\/\/cdrmuseudelapauma.cat\/worpre\/wp-json\/wp\/v2\/posts\/8226","targetHints":{"allow":["GET"]}}],"collection":[{"href":"https:\/\/cdrmuseudelapauma.cat\/worpre\/wp-json\/wp\/v2\/posts"}],"about":[{"href":"https:\/\/cdrmuseudelapauma.cat\/worpre\/wp-json\/wp\/v2\/types\/post"}],"author":[{"embeddable":true,"href":"https:\/\/cdrmuseudelapauma.cat\/worpre\/wp-json\/wp\/v2\/users\/4"}],"replies":[{"embeddable":true,"href":"https:\/\/cdrmuseudelapauma.cat\/worpre\/wp-json\/wp\/v2\/comments?post=8226"}],"version-history":[{"count":14,"href":"https:\/\/cdrmuseudelapauma.cat\/worpre\/wp-json\/wp\/v2\/posts\/8226\/revisions"}],"predecessor-version":[{"id":8267,"href":"https:\/\/cdrmuseudelapauma.cat\/worpre\/wp-json\/wp\/v2\/posts\/8226\/revisions\/8267"}],"wp:featuredmedia":[{"embeddable":true,"href":"https:\/\/cdrmuseudelapauma.cat\/worpre\/wp-json\/wp\/v2\/media\/8227"}],"wp:attachment":[{"href":"https:\/\/cdrmuseudelapauma.cat\/worpre\/wp-json\/wp\/v2\/media?parent=8226"}],"wp:term":[{"taxonomy":"category","embeddable":true,"href":"https:\/\/cdrmuseudelapauma.cat\/worpre\/wp-json\/wp\/v2\/categories?post=8226"},{"taxonomy":"post_tag","embeddable":true,"href":"https:\/\/cdrmuseudelapauma.cat\/worpre\/wp-json\/wp\/v2\/tags?post=8226"}],"curies":[{"name":"wp","href":"https:\/\/api.w.org\/{rel}","templated":true}]}}