{"id":8235,"date":"2026-03-25T11:21:17","date_gmt":"2026-03-25T09:21:17","guid":{"rendered":"https:\/\/cdrmuseudelapauma.cat\/worpre\/?p=8235"},"modified":"2026-03-25T12:58:44","modified_gmt":"2026-03-25T10:58:44","slug":"andromines-de-protopauma","status":"publish","type":"post","link":"https:\/\/cdrmuseudelapauma.cat\/worpre\/andromines-de-protopauma\/","title":{"rendered":"Andr\u00f2mines de protopauma"},"content":{"rendered":"<p><img loading=\"lazy\" decoding=\"async\" class=\"aligncenter size-full wp-image-8236\" src=\"https:\/\/cdrmuseudelapauma.cat\/worpre\/wp-content\/uploads\/2026\/03\/esardiweb.jpg\" alt=\"\" width=\"1000\" height=\"300\" srcset=\"https:\/\/cdrmuseudelapauma.cat\/worpre\/wp-content\/uploads\/2026\/03\/esardiweb-200x60.jpg 200w, https:\/\/cdrmuseudelapauma.cat\/worpre\/wp-content\/uploads\/2026\/03\/esardiweb-300x90.jpg 300w, https:\/\/cdrmuseudelapauma.cat\/worpre\/wp-content\/uploads\/2026\/03\/esardiweb-400x120.jpg 400w, https:\/\/cdrmuseudelapauma.cat\/worpre\/wp-content\/uploads\/2026\/03\/esardiweb-600x180.jpg 600w, https:\/\/cdrmuseudelapauma.cat\/worpre\/wp-content\/uploads\/2026\/03\/esardiweb-768x230.jpg 768w, https:\/\/cdrmuseudelapauma.cat\/worpre\/wp-content\/uploads\/2026\/03\/esardiweb-800x240.jpg 800w, https:\/\/cdrmuseudelapauma.cat\/worpre\/wp-content\/uploads\/2026\/03\/esardiweb.jpg 1000w\" sizes=\"auto, (max-width: 1000px) 100vw, 1000px\" \/><\/p>\n<p><span style=\"font-weight: 400;\">Experimentar per explorar com un material humil com la pauma es pot transformar segons la mirada i la intenci\u00f3 de qui la treballa. Aquest \u00e9s el principal objectiu del nou projecte col\u00b7laboratiu entre l\u2019Escola d\u2019Art i Disseny d\u2019Amposta (ESARDI) i el Museu de la Pauma de Mas de Barberans. Un projecte desenvolupat per\u00a0 <\/span><span style=\"font-weight: 400;\">Pau Pati\u00f1o, Maia Gonz\u00e1lez i Maria Castell\u00e0, <\/span><span style=\"font-weight: 400;\">alumnes de segon del Cicle Formatiu de Grau Superior de Gr\u00e0fica Publicit\u00e0ria,<\/span><span style=\"font-weight: 400;\"> que <\/span><span style=\"font-weight: 400;\">fent servir la metodologia ABP (aprenentatge basat en projectes) <\/span><span style=\"font-weight: 400;\">han elaborat un cat\u00e0leg de peces per mostrar les possibilitats creatives de la pauma.\u00a0<\/span><\/p>\n<p><span style=\"font-weight: 400;\">Despr\u00e9s d\u2019haver visitat l\u2019exposici\u00f3 temporal <\/span><span style=\"color: #ffcc00;\"><a style=\"color: #ffcc00;\" href=\"https:\/\/cdrmuseudelapauma.cat\/worpre\/explorant-sensorialment-el-margallo\/\" target=\"_blank\" rel=\"noopener\"><i><span style=\"font-weight: 400;\">Desig i ficci\u00f3. Exploraci\u00f3 sensorial i material del margall\u00f3<\/span><\/i><\/a><\/span><span style=\"font-weight: 400;\"> i d\u2019haver realitzat un taller amb les artesanes de la pauma del Museu, aquests alumnes han experimentat ells mateixos amb el material per crear textures i formes diverses que puguin ser inspiradores per a tercers. Ha estat com experimentar en protopauma, segons diuen ells mateixos, el que significa que la seua ha estat <\/span><span style=\"font-weight: 400;\">una reinterpretaci\u00f3 experimental d\u2019un material primigeni i arrelat a la tradici\u00f3 artesana de Mas de Barberans i les Terres de l\u2019Ebre.<\/span><\/p>\n<p><span style=\"font-weight: 400;\">El resultat del projecte, presentat en format cat\u00e0leg, \u00e9s una mena de gabinet de curiositats contemporani on les andr\u00f2mines creades pels tres estudiants, sorgides de l\u2019experimentaci\u00f3 amb el margall\u00f3, es mostren obertes a la interpretaci\u00f3 dels altres. \u201cLes peces no tenen un \u00fas clar o evident. Pot ser que inicialment no sapiguem per a qu\u00e8 serveixen; depenent del context en qu\u00e8 se situen o de l\u2019\u00e0mbit des del qual es miren, poden convertir-se en recurs \u00fatil\u201d, expliquen. \u201cLa idea \u00e9s projectar aquest material cap a nous camps com puga ser el de l\u2019audiovisual o la il\u00b7lustraci\u00f3\u201d, explica per la seua banda, Sefa Villalb\u00ed, una de les professores d\u2019ESARDI que els ha acompanyat en el proc\u00e9s.\u00a0<\/span><\/p>\n<div id=\"attachment_8237\" style=\"width: 458px\" class=\"wp-caption alignleft\"><img loading=\"lazy\" decoding=\"async\" aria-describedby=\"caption-attachment-8237\" class=\"wp-image-8237\" src=\"https:\/\/cdrmuseudelapauma.cat\/worpre\/wp-content\/uploads\/2026\/03\/21-scaled.jpg\" alt=\"\" width=\"448\" height=\"298\" srcset=\"https:\/\/cdrmuseudelapauma.cat\/worpre\/wp-content\/uploads\/2026\/03\/21-200x133.jpg 200w, https:\/\/cdrmuseudelapauma.cat\/worpre\/wp-content\/uploads\/2026\/03\/21-300x200.jpg 300w, https:\/\/cdrmuseudelapauma.cat\/worpre\/wp-content\/uploads\/2026\/03\/21-400x267.jpg 400w, https:\/\/cdrmuseudelapauma.cat\/worpre\/wp-content\/uploads\/2026\/03\/21-600x400.jpg 600w, https:\/\/cdrmuseudelapauma.cat\/worpre\/wp-content\/uploads\/2026\/03\/21-768x512.jpg 768w, https:\/\/cdrmuseudelapauma.cat\/worpre\/wp-content\/uploads\/2026\/03\/21-800x533.jpg 800w, https:\/\/cdrmuseudelapauma.cat\/worpre\/wp-content\/uploads\/2026\/03\/21-1024x683.jpg 1024w, https:\/\/cdrmuseudelapauma.cat\/worpre\/wp-content\/uploads\/2026\/03\/21-1200x800.jpg 1200w, https:\/\/cdrmuseudelapauma.cat\/worpre\/wp-content\/uploads\/2026\/03\/21-1536x1024.jpg 1536w, https:\/\/cdrmuseudelapauma.cat\/worpre\/wp-content\/uploads\/2026\/03\/21-scaled.jpg 2560w\" sizes=\"auto, (max-width: 448px) 100vw, 448px\" \/><p id=\"caption-attachment-8237\" class=\"wp-caption-text\">Una de les peces intrincades que apareix al cat\u00e0leg. | ESARDI<\/p><\/div>\n<p><span style=\"font-weight: 400;\">Siga com siga, hi trobem peces fetes simplement amb brins de pauma o cordill, d\u2019altres que es combinen amb altres materials, i algunes que es presenten en format llata. Tamb\u00e9 hi ha algunes peces provinents d\u2019altres projectes compartits entre ESARDI i el Museu com ara <\/span><i><span style=\"font-weight: 400;\">El Rogle<\/span><\/i><span style=\"font-weight: 400;\"> o <\/span><i><span style=\"font-weight: 400;\">Punt d\u2019Inflexi\u00f3<\/span><\/i><span style=\"font-weight: 400;\">. Dins al cat\u00e0leg apareixen estructurades en peces simples, interm\u00e8dies, complexes i intrincades, en funci\u00f3 del grau de complexitat, per\u00f2 la voluntat de totes elles \u00e9s sobtar i buscar connexions amb qui les observe per activar nous processos creatius.<\/span><\/p>\n","protected":false},"excerpt":{"rendered":"<p>Experimentar per explorar com un material humil com la pauma [&hellip;]<\/p>\n","protected":false},"author":4,"featured_media":8236,"comment_status":"open","ping_status":"open","sticky":false,"template":"","format":"standard","meta":{"_uf_show_specific_survey":0,"_uf_disable_surveys":false,"footnotes":""},"categories":[7],"tags":[],"class_list":["post-8235","post","type-post","status-publish","format-standard","has-post-thumbnail","hentry","category-noticies"],"_links":{"self":[{"href":"https:\/\/cdrmuseudelapauma.cat\/worpre\/wp-json\/wp\/v2\/posts\/8235","targetHints":{"allow":["GET"]}}],"collection":[{"href":"https:\/\/cdrmuseudelapauma.cat\/worpre\/wp-json\/wp\/v2\/posts"}],"about":[{"href":"https:\/\/cdrmuseudelapauma.cat\/worpre\/wp-json\/wp\/v2\/types\/post"}],"author":[{"embeddable":true,"href":"https:\/\/cdrmuseudelapauma.cat\/worpre\/wp-json\/wp\/v2\/users\/4"}],"replies":[{"embeddable":true,"href":"https:\/\/cdrmuseudelapauma.cat\/worpre\/wp-json\/wp\/v2\/comments?post=8235"}],"version-history":[{"count":6,"href":"https:\/\/cdrmuseudelapauma.cat\/worpre\/wp-json\/wp\/v2\/posts\/8235\/revisions"}],"predecessor-version":[{"id":8260,"href":"https:\/\/cdrmuseudelapauma.cat\/worpre\/wp-json\/wp\/v2\/posts\/8235\/revisions\/8260"}],"wp:featuredmedia":[{"embeddable":true,"href":"https:\/\/cdrmuseudelapauma.cat\/worpre\/wp-json\/wp\/v2\/media\/8236"}],"wp:attachment":[{"href":"https:\/\/cdrmuseudelapauma.cat\/worpre\/wp-json\/wp\/v2\/media?parent=8235"}],"wp:term":[{"taxonomy":"category","embeddable":true,"href":"https:\/\/cdrmuseudelapauma.cat\/worpre\/wp-json\/wp\/v2\/categories?post=8235"},{"taxonomy":"post_tag","embeddable":true,"href":"https:\/\/cdrmuseudelapauma.cat\/worpre\/wp-json\/wp\/v2\/tags?post=8235"}],"curies":[{"name":"wp","href":"https:\/\/api.w.org\/{rel}","templated":true}]}}